{"id":5759,"date":"2019-03-13T14:31:27","date_gmt":"2019-03-13T13:31:27","guid":{"rendered":"http:\/\/blog.olivierotoscanistudio.com\/?p=5759"},"modified":"2019-03-13T14:31:27","modified_gmt":"2019-03-13T13:31:27","slug":"le-fotografie-di-oliviero-toscani-a-linkontro-nielsen-2019","status":"publish","type":"post","link":"https:\/\/blog.olivierotoscanistudio.com\/?p=5759","title":{"rendered":"Le fotografie di Oliviero Toscani a Linkontro Nielsen 2019"},"content":{"rendered":"<h1><strong>\u201cDiversit\u00e0 \u00e8 Ricchezza\u201d \u00e8 il nome della mostra allestita in occasione dell\u2019evento dedicato al settore del largo consumo e della GDO, che si terr\u00e0 dal 16 al 19 maggio<\/strong><\/h1>\n<div class=\"author\">di Cosimo Vestito\u00a013 marzo 2019<\/div>\n<div class=\"author\"><\/div>\n<div class=\"author\"><\/div>\n<div class=\"author\">\n<p>Si svolger\u00e0 dal 16 al 19 maggio l\u2019edizione 2019 de <strong>Linkontro Nielsen<\/strong>, l\u2019<a href=\"https:\/\/www.linkontronielsen.it\/\" target=\"_blank\">evento dedicato al largo consumo e alla GDO<\/a>, che si terr\u00e0 ancora una volta nella cornice del Forte Village Resort di Santa Margherita di Pula (Cagliari). Dopo \u201cCall to Action\u201d e \u201cGet Agile\u201d, il terzo imperativo che lancia l\u2019iniziativa \u00e8 \u201cBuild Trust\u201d: <strong>un\u2019esortazione a indirizzare meglio le tante energie dedicate alla crescita economica e al proprio successo<\/strong>. Costruendo fiducia con il consumatore, cos\u00ec come con tutta la filiera, si legge nella nota, i mercati del largo consumo diventeranno un ambiente \u201ccoopetitivo\u201d \u2014 perch\u00e9 la crescita \u00e8 pi\u00f9 sostenibile quando \u00e8 condivisa. In occasione dell\u2019evento, <strong>Oliviero Toscani ha realizzato la mostra fotografica \u201cDiversit\u00e0 \u00e8 Ricchezza\u201d<\/strong>. Il progetto, che coinvolge quindici aziende dell\u2019Advisory Board dell\u2019evento, consiste nell\u2019esposizione di totem trifacciali composti da ritratti scelti dall\u2019artista. Ognuno di questi volti \u00e8 espressione dell\u2019individualit\u00e0 di ogni persona e al tempo stesso dell\u2019umanit\u00e0 intera: armonia tra le differenze, ovvero il valore aggiunto della diversit\u00e0.<\/p>\n<p>\u201cL\u2019arte ci insegna che ogni diversit\u00e0 porta contemporaneamente cultura e ricchezza \u2014 commenta Toscani \u2014 \u00c8 solo credendo nella diversit\u00e0 che si pu\u00f2 avere una visione ricca del futuro\u201d.\u00a0 \u201cDiversit\u00e0 \u00e8 Ricchezza\u201d, prosegue la nota, non \u00e8 un progetto rivolto a un target, \u00e8 bens\u00ec aperto a un pubblico. \u00c8 il punto di partenza per un nuovo modo di interagire con la filiera, il mercato, e i consumatori, partendo da un concetto semplice, ma fondamentale: l\u2019inclusione di diverse culture e prospettive, cos\u00ec come la condivisione di punti di vista differenti, arricchiscono le comunit\u00e0.<\/p>\n<p>\u201cPer Nielsen la diversit\u00e0 non \u00e8 un insieme di obiettivi corporate da raggiungere. La diversit\u00e0 \u00e8 parte integrante del business. \u2014 afferma <strong>Samantha Rovatti<\/strong>, European Marketing &amp; Communications Leader di Nielsen \u2014 Un business che non pu\u00f2 prescindere dal valore del diverso, del pensiero laterale, delle iniziative fuori dagli schemi.\u201d<\/p>\n<p>L\u2019ambizione del progetto artistico \u201cDiversit\u00e0 \u00e8 Ricchezza\u201d di Oliviero Toscani, unico nel proprio genere nel mondo del largo consumo, \u00e8 dare un messaggio positivo alla business community italiana. Le aziendepromotrici di questo messaggio sono Barilla, Beiersdorf con Nivea, Cameo, Conad, Coop Italia, Despar, Ferrero, Gruppo V\u00e9g\u00e9, Lavazza, Gruppo Montenegro, Procter &amp; Gamble, Selex, Tetra Pak, Unes con Il Viaggiator Goloso e Unilever con Dove.<\/p>\n<p>Con \u201cDiversit\u00e0 \u00e8 Ricchezza\u201d le aziende oltrepassano il concetto di diversit\u00e0 e inclusione rappresentato nei propri bilanci sociali e report istituzionali e fanno un passo in avanti verso il riconoscimento del potenziale di ogni individuo.<\/p>\n<p>fonte: <strong><span style=\"text-decoration: underline;\"><a href=\"https:\/\/www.engage.it\/eventi\/oliviero-toscani-linkontro-nielsen-2019\/180273#P4STfImM1Wg48tQM.97\" target=\"_blank\">engage.it<\/a><\/span><\/strong><\/div>\n","protected":false},"excerpt":{"rendered":"<p>\u201cDiversit\u00e0 \u00e8 Ricchezza\u201d \u00e8 il nome della mostra allestita in occasione dell\u2019evento dedicato al settore del largo consumo e della GDO, che si terr\u00e0 dal 16 al 19 maggio di Cosimo Vestito\u00a013 marzo 2019 Si svolger\u00e0 dal 16 al 19<a class=\"more\" href=\"https:\/\/blog.olivierotoscanistudio.com\/?p=5759\">Leggi &rarr;<\/a><\/p>\n","protected":false},"author":3,"featured_media":0,"comment_status":"closed","ping_status":"closed","sticky":true,"template":"","format":"standard","meta":{"footnotes":""},"categories":[898,4,811,670,3,881],"tags":[237,40,971,15,23,44,41,20,163],"aioseo_notices":[],"_links":{"self":[{"href":"https:\/\/blog.olivierotoscanistudio.com\/index.php?rest_route=\/wp\/v2\/posts\/5759"}],"collection":[{"href":"https:\/\/blog.olivierotoscanistudio.com\/index.php?rest_route=\/wp\/v2\/posts"}],"about":[{"href":"https:\/\/blog.olivierotoscanistudio.com\/index.php?rest_route=\/wp\/v2\/types\/post"}],"author":[{"embeddable":true,"href":"https:\/\/blog.olivierotoscanistudio.com\/index.php?rest_route=\/wp\/v2\/users\/3"}],"replies":[{"embeddable":true,"href":"https:\/\/blog.olivierotoscanistudio.com\/index.php?rest_route=%2Fwp%2Fv2%2Fcomments&post=5759"}],"version-history":[{"count":6,"href":"https:\/\/blog.olivierotoscanistudio.com\/index.php?rest_route=\/wp\/v2\/posts\/5759\/revisions"}],"predecessor-version":[{"id":5765,"href":"https:\/\/blog.olivierotoscanistudio.com\/index.php?rest_route=\/wp\/v2\/posts\/5759\/revisions\/5765"}],"wp:attachment":[{"href":"https:\/\/blog.olivierotoscanistudio.com\/index.php?rest_route=%2Fwp%2Fv2%2Fmedia&parent=5759"}],"wp:term":[{"taxonomy":"category","embeddable":true,"href":"https:\/\/blog.olivierotoscanistudio.com\/index.php?rest_route=%2Fwp%2Fv2%2Fcategories&post=5759"},{"taxonomy":"post_tag","embeddable":true,"href":"https:\/\/blog.olivierotoscanistudio.com\/index.php?rest_route=%2Fwp%2Fv2%2Ftags&post=5759"}],"curies":[{"name":"wp","href":"https:\/\/api.w.org\/{rel}","templated":true}]}}