{"id":5631,"date":"2019-01-10T11:01:36","date_gmt":"2019-01-10T10:01:36","guid":{"rendered":"http:\/\/blog.olivierotoscanistudio.com\/?p=5631"},"modified":"2019-01-10T11:01:36","modified_gmt":"2019-01-10T10:01:36","slug":"adc-night-of-honour-2019-oliviero-toscani","status":"publish","type":"post","link":"https:\/\/blog.olivierotoscanistudio.com\/?p=5631","title":{"rendered":"ADC Night of Honour 2019 &#8211; Oliviero Toscani"},"content":{"rendered":"<h1><em>ADC Night of Honour<\/em><\/h1>\n<h1><em><a href=\"https:\/\/blog.olivierotoscanistudio.com\/wp-content\/uploads\/2019\/01\/Oliviero_Toscani_Ehrenmitglied-Kopie.jpg\" rel=\"lightbox[5631]\"><img loading=\"lazy\" decoding=\"async\" class=\"alignnone wp-image-5632 size-large\" src=\"https:\/\/blog.olivierotoscanistudio.com\/wp-content\/uploads\/2019\/01\/Oliviero_Toscani_Ehrenmitglied-Kopie-682x1024.jpg\" alt=\"Oliviero_Toscani_Ehrenmitglied-Kopie\" width=\"682\" height=\"1024\" srcset=\"https:\/\/blog.olivierotoscanistudio.com\/wp-content\/uploads\/2019\/01\/Oliviero_Toscani_Ehrenmitglied-Kopie-682x1024.jpg 682w, https:\/\/blog.olivierotoscanistudio.com\/wp-content\/uploads\/2019\/01\/Oliviero_Toscani_Ehrenmitglied-Kopie-200x300.jpg 200w, https:\/\/blog.olivierotoscanistudio.com\/wp-content\/uploads\/2019\/01\/Oliviero_Toscani_Ehrenmitglied-Kopie.jpg 787w\" sizes=\"(max-width: 682px) 100vw, 682px\" \/><\/a><\/em><\/h1>\n<div class=\"post__intro\">\n<p><strong>Der Art Directors Club f\u00fcr Deutschland gibt Ehrentitel f\u00fcr 2018 bekannt<\/strong><\/p>\n<\/div>\n<div class=\"post__text\">\n<p><strong>J\u00e4hrlich ehrt der Art Directors Club wichtige Pers\u00f6nlichkeiten aus der Kreativbranche. Im Rahmen der Night of Honour werden die Ehrentitel am 21. Februar im Frankfurter Palais verliehen. In diesem Jahr gehen die Auszeichnungen an Oliviero Toscani, Claas Meineke, Prof. Roland Lambrette und an die Agentur MAYD Hamburg. <\/strong><\/p>\n<p><strong>Oliviero Toscani<\/strong> studierte Grafik und Fotografie an der Kunstgewerbeschule in Z\u00fcrich. Internationale Aufmerksamkeit erregte er durch seine kontroversen Kampagnen f\u00fcr Benetton, die er von 1982 bis 2000 entwarf. Statt klassischer Werbefotografie setzte Toscani auf Schockeffekt. Ob Rassismus oder Todesstrafe, Immigration oder HIV: Kein Thema ist ihm zu heikel. So wundert es nicht, dass Benetton ihn im Fr\u00fchjahr 2018 als k\u00fcnstlerischen Leiter zur\u00fcckholte.<\/p>\n<p>Seine Werbefotografie\u00a0verkaufe keine Produkte, sondern\u00a0Lebensgef\u00fchl und Haltung.\u00a0Diesen Ansatz verfolgt Toscani bereits seit Jahrzehnten. Politische und gesellschaftliche Verantwortung zu \u00fcbernehmen und Haltung zu zeigen wird f\u00fcr Marken im kommenden Jahr relevanter denn je: Daher w\u00fcrdigt der Art Directors Club mit <strong>Oliviero Toscani<\/strong>einen der ber\u00fchmtesten italienischen Fotografen als <strong>ADC Ehrenmitglied des Jahres 2018<\/strong>. Die Laudatio auf den Pionieren der Markenkommunikation wird Autor, Regisseur und Produzent <strong>Hermann Vaske<\/strong> halten.<\/p>\n<p>Einer der ersten, der diesen Trend mutig und aufmerksamkeitsstark umsetzte, wird im Rahmen der ADC Night of Honour als\u00a0<strong>Kunde des Jahres<\/strong>\u00a0geehrt.\u00a0<strong>Claas Meineke<\/strong>, Vorstand Marketing\/Vertrieb der EDEKA AG, gelang es \u2013 gemeinsam mit der Leadagentur Jung von Matt \u2013 echte Impulse zu setzen. Daf\u00fcr steht vor allem die konsequente Weiterentwicklung der bereits seit 2005 erfolgreichen Markenkampagne \u201eWir lieben Lebensmittel\u201c, die Jahr f\u00fcr Jahr mit Kreativit\u00e4t und Effizienz \u00fcberzeugt und kontinuierlich das Kundenvertrauen in die Marke st\u00e4rkt. Als Vorreiter im deutschen Handel erkannte Edeka schon fr\u00fch das virale Potenzial von Online-Videos wie \u201eSupergeil\u201c, \u201eHeimkommen\u201c oder \u201eEatkarus\u201c und griff dabei auch gesellschaftlich relevante Themen auf.<\/p>\n<p><em>\u201eWir hatten den Mut, ungew\u00f6hnliche Wege zu gehen und auch mal zu polarisieren. Das passt perfekt zu unserem Markenkern, denn auch die selbstst\u00e4ndigen Edeka-Kaufleute zeigen Haltung und schaffen individuelle Einkaufserlebnisse\u201c<\/em>, so Claas Meineke. Erst vor wenigen Wochen wurde Edeka als kreativste Marke Deutschlands ausgezeichnet. Dazu trug nicht zuletzt die \u201eVielfalt\u201c-Kampagne bei: Sie z\u00e4hlt nicht nur zu den meistpr\u00e4mierten Cases in 2018, sondern ist auch ein Paradebeispiel f\u00fcr eine starke Haltung in der Markenkommunikation.\u00a0<strong>Friedrich Liechtenstein<\/strong>\u00a0ist nicht nur zur\u00fcck in den Edeka-Werbespots, er wird auch am 21. Februar die Laudatio auf Claas Meineke halten.<\/p>\n<p><strong>Prof. Roland Lambrette<\/strong> ist einer der vier Gr\u00fcnder des renommierten Frankfurter Atelier Markgraph und Rektor der Hochschule f\u00fcr K\u00fcnste Bremen. Nun wird der Vision\u00e4r f\u00fcr sein <strong>Lebenswerk<\/strong> ausgezeichnet. Bekannt ist er als Experte f\u00fcr Kommunikation im Raum, seine Projekte gelten als Benchmark der Branche. <em>\u201eWir verkn\u00fcpfen die zu kommunizierenden Themen mit gesellschaftlichen Entwicklungen\u201c, <\/em>so Lambrette.<em> \u201eEs geht darum, Beitr\u00e4ge zur Wahrnehmung der Welt zu schaffen \u2013 im besten Fall mit Relevanz f\u00fcr jeden einzelnen Besucher.\u201c<\/em><\/p>\n<p>Roland Lambrette setzte mit einer langen Serie von international beachteten Markeninszenierungen f\u00fcr Mercedes-Benz und mit neuen Wegen in der Themenkommunikation f\u00fcr Museen Ma\u00dfst\u00e4be. Eines seiner herausragendsten Projekte ist die Bespielung der Frankfurter Skyline als \u00fcberdimensionales B\u00fchnenbild f\u00fcr die Fu\u00dfball Weltmeisterschaft 2006. Der Kurator, Ausstellungsmacher und Autor <strong>Matthias Wagner K<\/strong> wird die Laudatio halten.<\/p>\n<p><strong>ADC Rookie Agentur<\/strong> des Jahres 2018 ist <strong>MAYD<\/strong>. Bereits im Mai 2014 gr\u00fcndeten Behnaz und Bahador Pakravesh ihr Kreativstudio. Vernissagen, eigene Installationen oder Konzerte \u2013 bei MAYD ist Kreativit\u00e4t nicht etwas, was sich nur in Werbung entl\u00e4dt. Im Zentrum von MAYD steht deshalb ihr sogenanntes \u201eStudio of Creative Arts\u201c, in dem sie nicht nur Kommunikation f\u00fcr Marken entwickeln, sondern auch gleich Marken selbst. Zuletzt \u00fcberzeugten die Geschwister im ADC Wettbewerb 2018 mit dem Case \u201eCarnapping\u201c.<\/p>\n<p>Die 14. Night of Honour findet am 21. Februar 2019 im Frankfurter Palais mit etwa 220 geladenen G\u00e4sten statt. Der ADC w\u00fcrdigt im Rahmen dieser festlichen Gala herausragende Pers\u00f6nlichkeiten der Kreativ- und Kommunikationsbranche mit seinen vier Ehrentiteln. Dazu geh\u00f6ren der Titel \u201eADC Kunde des Jahres\u201c, das \u201eADC Ehrenmitglied\u201c, sowie die Auszeichnung f\u00fcr das \u201eLebenswerk\u201c. Aus den Reihen der ADC Mitglieder werden auf der Jahreshauptversammlung Kandidaten f\u00fcr diese Ehrung zur Wahl gestellt. Eine geheime Wahl entscheidet dann \u00fcber die Auszeichnungen.<\/p>\n<p>Unterst\u00fctzt wird die ADC Night of Honour von der Frankfurter Allgemeinen Zeitung, Kofler &amp; Kompanie sowie der Wirtschaftsf\u00f6rderung Frankfurt.<\/p>\n<p><strong>\u00dcber den Art Directors Club f\u00fcr Deutschland (ADC) e.V.<\/strong><\/p>\n<p>Im Art Directors Club f\u00fcr Deutschland (ADC) e. V. haben sich \u00fcber 700 f\u00fchrende K\u00f6pfe der kreativen Kommunikation zusammengeschlossen. Clubmitglieder sind renommierte Designer, Journalisten, Architekten, Szenographen, Fotografen, Illustratoren, Regisseure, Komponisten, Produzenten, Spezialisten f\u00fcr digitale Medien und Werber. Der ADC sieht sich als Ma\u00dfstab der kreativen Exzellenz und zeichnet herausragende Kommunikation aus. Dazu veranstaltet er Wettbewerbe, Kongresse, Seminare, Vortr\u00e4ge, Events, B2BVeranstaltungen und gibt diverse Publikationen heraus.<\/p>\n<p><strong>Pressekontakt: <\/strong><br \/>\nHannah H\u00f6r | Leitung PR &amp; Marketing<br \/>\nArt Directors Club f\u00fcr Deutschland e.V.<br \/>\nFranklinstra\u00dfe 15 | D 10587 Berlin<br \/>\nFon: +49 (0)30 59 00 310 \u2013 44<br \/>\nE-Mail: hannah.hoer@adc.de<br \/>\nwww.adc.de<\/p>\n<\/div>\n<p>fonte: <strong><span style=\"text-decoration: underline;\"><a href=\"https:\/\/www.adc.de\/2019\/01\/09\/adc-ehrentiteltraeger-2018\/\" target=\"_blank\">art director club<\/a><\/span><\/strong><\/p>\n","protected":false},"excerpt":{"rendered":"<p>ADC Night of Honour Der Art Directors Club f\u00fcr Deutschland gibt Ehrentitel f\u00fcr 2018 bekannt J\u00e4hrlich ehrt der Art Directors Club wichtige Pers\u00f6nlichkeiten aus der Kreativbranche. Im Rahmen der Night of Honour werden die Ehrentitel am 21. Februar im Frankfurter<a class=\"more\" href=\"https:\/\/blog.olivierotoscanistudio.com\/?p=5631\">Leggi &rarr;<\/a><\/p>\n","protected":false},"author":3,"featured_media":0,"comment_status":"closed","ping_status":"closed","sticky":true,"template":"","format":"standard","meta":{"footnotes":""},"categories":[793,1078,4,811,3],"tags":[1088,1089,195,15,23,1091,1090,44,20,163],"aioseo_notices":[],"_links":{"self":[{"href":"https:\/\/blog.olivierotoscanistudio.com\/index.php?rest_route=\/wp\/v2\/posts\/5631"}],"collection":[{"href":"https:\/\/blog.olivierotoscanistudio.com\/index.php?rest_route=\/wp\/v2\/posts"}],"about":[{"href":"https:\/\/blog.olivierotoscanistudio.com\/index.php?rest_route=\/wp\/v2\/types\/post"}],"author":[{"embeddable":true,"href":"https:\/\/blog.olivierotoscanistudio.com\/index.php?rest_route=\/wp\/v2\/users\/3"}],"replies":[{"embeddable":true,"href":"https:\/\/blog.olivierotoscanistudio.com\/index.php?rest_route=%2Fwp%2Fv2%2Fcomments&post=5631"}],"version-history":[{"count":2,"href":"https:\/\/blog.olivierotoscanistudio.com\/index.php?rest_route=\/wp\/v2\/posts\/5631\/revisions"}],"predecessor-version":[{"id":5634,"href":"https:\/\/blog.olivierotoscanistudio.com\/index.php?rest_route=\/wp\/v2\/posts\/5631\/revisions\/5634"}],"wp:attachment":[{"href":"https:\/\/blog.olivierotoscanistudio.com\/index.php?rest_route=%2Fwp%2Fv2%2Fmedia&parent=5631"}],"wp:term":[{"taxonomy":"category","embeddable":true,"href":"https:\/\/blog.olivierotoscanistudio.com\/index.php?rest_route=%2Fwp%2Fv2%2Fcategories&post=5631"},{"taxonomy":"post_tag","embeddable":true,"href":"https:\/\/blog.olivierotoscanistudio.com\/index.php?rest_route=%2Fwp%2Fv2%2Ftags&post=5631"}],"curies":[{"name":"wp","href":"https:\/\/api.w.org\/{rel}","templated":true}]}}