{"id":5531,"date":"2018-07-06T08:53:04","date_gmt":"2018-07-06T07:53:04","guid":{"rendered":"http:\/\/blog.olivierotoscanistudio.com\/?p=5531"},"modified":"2018-07-06T08:53:04","modified_gmt":"2018-07-06T07:53:04","slug":"salvini-andrebbe-messo-in-galera-e-toscani-chiama-la-rivolta-armata","status":"publish","type":"post","link":"https:\/\/blog.olivierotoscanistudio.com\/?p=5531","title":{"rendered":"\u201cSalvini andrebbe messo in galera\u201d. E Toscani chiama la rivolta armata"},"content":{"rendered":"<p>05\/07\/2018<\/p>\n<p>L\u2019ultima del famoso fotografo contro il ministro dell\u2019Interno: \u201cLa destra italiana \u00e8 il gruppo di gente pi\u00f9 ignorante d\u2019Europa\u201d<br \/>\nAltro giro, altro regalo. Ormai, praticamente\u00a0ogni volta che\u00a0Oliviero Toscani parla, parla di\u00a0Salvini.<br \/>\nE lo insulta. Le ultime parole del fotografo circa il leader della Lega?<\/p>\n<p><strong>\u201cPeggio del\u00a0fascismo, ha superato l\u2019imbecillit\u00e0 del fascismo\u201d\u00a0e\u00a0\u201cquando ci sar\u00e0 l\u2019Europa unita gli faranno un processo e lo terranno dentro 40 anni\u201d.<\/strong><br \/>\nIl nuovo show di Toscani contro il\u00a0leghista\u00a0\u00e8 andato in onda, via etere, su\u00a0Radio 24, dove \u00e8 stato ospite de\u00a0La Zanzara.<\/p>\n<p>Qui, come riporta\u00a0Dagospia, si \u00e8 difeso a spada tratta dalle accuse di lucrare sulla pelle dei\u00a0migranti\u00a0per la nuova pubblicit\u00e0 Benetton:\u00a0<strong>\u201cAnche io avrei sfruttato l\u2019immigrazione\u00a0per la pubblicit\u00e0? \u00c8 come se dicessi a un dottore che sfrutta le malattie, ma che discorso \u00e8? Certo che mi hanno pagato, anche il dottore lo paghi, sono un professionista conosciuto in tutto il mondo\u201d.<\/strong><\/p>\n<p>&nbsp;<br \/>\n<strong>\u201cSalvini? Un cogl\u2026\u201d<\/strong><br \/>\nE dopo la difesa, \u00e8 passato al contrattacco frontale, senza badare alle parole:<strong>\u00a0\u201cDevono solo imparare, cogl\u2026, asini e mediocri\u00a0fascisti. Non faccio l\u2019uomo marketing, io faccio comunicazione e questo come l\u2019anoressia \u00e8 chiaramente fuori dalle regole tradizionali. Utilizzo gli spazi per far vedere ci\u00f2 che bisogna vedere veramente. Io utilizzo dei disperati per far vedere ai cretini che c\u2019\u00e8 un\u00a0problema\u00a0da risolvere. Uno che \u00e8 contro l\u2019arrivo delle navi \u00e8 solo un cogl\u2026 che non capisce la storia. Cosa volete chiudere i\u00a0porti, arrivano a piedi\u201d.<\/strong> Insomma, \u00e8 chiaro chi sarebbe il cogl\u2026 a cui si riferisce Toscani. E a proposito di \u201cc puntato\u201d due settimane fa Toscani aveva avvertito a modo suo il ministro dell\u2019Interno, dicendogli di stare attento perch\u00e9 altrimenti, prima o poi,\u00a0gli immigrati gli avrebbero tagliato i cosiddetti.<\/p>\n<p>&nbsp;<br \/>\nCome le altre volte, il famoso\u00a0fotografo\u00a0\u00e8 un fiume d\u2019astio in piena e la spara ancora pi\u00f9 grossa:<strong>\u00a0\u201cSono peggio dei fascisti e dei\u00a0nazisti\u00a0perch\u00e9 li abbiamo avuti e non hanno capito. E c\u2019\u00e8 un altro problema ancora pi\u00f9 grave, il crimine contro l\u2019umanit\u00e0. Quando ci sar\u00e0 l\u2019Europa unita gli faranno un processo a Salvini e lo terranno dentro 40 anni\u201d.<\/strong><br \/>\n<strong>\u201cSalvini \u00e8 il peggio dell\u2019Italia\u201d<\/strong><\/p>\n<p>&nbsp;<br \/>\nMa non \u00e8 finita qua. Infatti, Oliviero Toscani invoca addirittura la rivoluzione con le armi:<strong>\u00a0\u201cCi vuole una\u00a0rivolta armata? Lo so. Infatti fra un po\u2019 la gente di buon senso comincer\u00e0 a capire. Bisogner\u00e0 fare come facevano i partigiani all\u2019epoca? Forse s\u00ec. Io lo faccio con quello che posso. Il\u00a0popolo italiano\u00a0da quando \u00e8 diventato ricchino, neanche ricco perch\u00e9 siamo morti di fame, ha perso la dignit\u00e0. Lui (Salvini, ndr) \u00e8 l\u2019esempio della perdita di dignit\u00e0 del popolo italiano. Lui ha proprio questa volgarit\u00e0 becera. \u00c8 il peggio dell\u2019Italia\u00a0razzista. Questa qua \u00e8 tutta gente impotente, che ha paura. Impotente culturalmente. Non a caso la\u00a0destra italiana\u00a0\u00e8 il gruppo di gente pi\u00f9 ignorante d\u2019Europa. Un sacco di ignoranza e beceritudine\u201d.<\/strong><\/p>\n<p>&nbsp;<\/p>\n<p>fonte: <span style=\"text-decoration: underline;\"><strong><a href=\"https:\/\/www.bassairpinia.it\/attualita\/salvini-andrebbe-messo-in-galera-e-toscani-chiama-la-rivolta-armata\/\" target=\"_blank\">bassairpinia.it<\/a><\/strong><\/span><\/p>\n","protected":false},"excerpt":{"rendered":"<p>05\/07\/2018 L\u2019ultima del famoso fotografo contro il ministro dell\u2019Interno: \u201cLa destra italiana \u00e8 il gruppo di gente pi\u00f9 ignorante d\u2019Europa\u201d Altro giro, altro regalo. Ormai, praticamente\u00a0ogni volta che\u00a0Oliviero Toscani parla, parla di\u00a0Salvini. E lo insulta. Le ultime parole del fotografo<a class=\"more\" href=\"https:\/\/blog.olivierotoscanistudio.com\/?p=5531\">Leggi &rarr;<\/a><\/p>\n","protected":false},"author":3,"featured_media":0,"comment_status":"closed","ping_status":"closed","sticky":true,"template":"","format":"standard","meta":{"footnotes":""},"categories":[28,898,4,1052,31,794,3,881],"tags":[1053,1175,259,15,23,41,662,1045,20,163],"aioseo_notices":[],"_links":{"self":[{"href":"https:\/\/blog.olivierotoscanistudio.com\/index.php?rest_route=\/wp\/v2\/posts\/5531"}],"collection":[{"href":"https:\/\/blog.olivierotoscanistudio.com\/index.php?rest_route=\/wp\/v2\/posts"}],"about":[{"href":"https:\/\/blog.olivierotoscanistudio.com\/index.php?rest_route=\/wp\/v2\/types\/post"}],"author":[{"embeddable":true,"href":"https:\/\/blog.olivierotoscanistudio.com\/index.php?rest_route=\/wp\/v2\/users\/3"}],"replies":[{"embeddable":true,"href":"https:\/\/blog.olivierotoscanistudio.com\/index.php?rest_route=%2Fwp%2Fv2%2Fcomments&post=5531"}],"version-history":[{"count":6,"href":"https:\/\/blog.olivierotoscanistudio.com\/index.php?rest_route=\/wp\/v2\/posts\/5531\/revisions"}],"predecessor-version":[{"id":5537,"href":"https:\/\/blog.olivierotoscanistudio.com\/index.php?rest_route=\/wp\/v2\/posts\/5531\/revisions\/5537"}],"wp:attachment":[{"href":"https:\/\/blog.olivierotoscanistudio.com\/index.php?rest_route=%2Fwp%2Fv2%2Fmedia&parent=5531"}],"wp:term":[{"taxonomy":"category","embeddable":true,"href":"https:\/\/blog.olivierotoscanistudio.com\/index.php?rest_route=%2Fwp%2Fv2%2Fcategories&post=5531"},{"taxonomy":"post_tag","embeddable":true,"href":"https:\/\/blog.olivierotoscanistudio.com\/index.php?rest_route=%2Fwp%2Fv2%2Ftags&post=5531"}],"curies":[{"name":"wp","href":"https:\/\/api.w.org\/{rel}","templated":true}]}}