{"id":5394,"date":"2017-09-07T11:48:35","date_gmt":"2017-09-07T10:48:35","guid":{"rendered":"http:\/\/blog.olivierotoscanistudio.com\/?p=5394"},"modified":"2017-09-07T11:48:35","modified_gmt":"2017-09-07T10:48:35","slug":"christo-isgro-lavia-toscani-e-ughi-anche-incontri-dedicati-allarte-ad-assisi-per-il-cortile-di-francesco","status":"publish","type":"post","link":"https:\/\/blog.olivierotoscanistudio.com\/?p=5394","title":{"rendered":"Christo, Isgr\u00f2, Lavia, Toscani e Ughi: anche incontri dedicati all\u2019arte ad Assisi per il \u2018Cortile di Francesco\u2019"},"content":{"rendered":"<h3>Appuntamenti di caratura internazionale tra workshop, conferenze, mostre e lezioni durante la terza edizione dell\u2019evento<\/h3>\n<p><em><strong>di D.N.<\/strong><\/em><\/p>\n<p><span style=\"color: #000000;\">fonte: <span style=\"text-decoration: underline;\"><strong><a style=\"color: #000000; text-decoration: underline;\" href=\"http:\/\/www.umbria24.it\/noise24\/christo-isgro-lavia-toscani-e-ughi-anche-incontri-dedicati-allarte-ad-assisi-per-il-cortile-di-francesco\" target=\"_blank\">umbria24.it<\/a><\/strong><\/span><\/span><\/p>\n<p>L\u2019arte fa tappa ad Assisi con diversi appuntamenti di caratura internazionale per la terza edizione del Cortile di Francesco. Saranno Christo, Uto Ughi, Toscani e Gabriele Lavia a partecipare, dal 14 al 17 settembre, alla sezione \u2018L\u2019arte ci guarda\u2019. A renderlo noto \u00e8 il direttore della Sala Stampa del Sacro Convento di Assisi, padre Enzo Fortunato. La manifestazione coinvolger\u00e0 nella quattro giorni pi\u00f9 di 70 relatori tra esponenti della societ\u00e0 civile, cultura, politica e arte per ascoltare e dialogare sul tema del \u201ccammino\u201d.<\/p>\n<p><strong>Arte e paesaggio <\/strong>Grande protagonista sar\u00e0 Christo, presente nella citt\u00e0 di San Francesco e Santa Chiara per parlare del progetto avviato con la moglie Jeanne-Claude e che li ha visti artefici nel corso della loro attivit\u00e0 di una serie di installazioni in cui l\u2019arte incontrava il paesaggio. Ultima in ordine cronologico, The Floating Piers, la celebre passerella galleggiante realizzata lo scorso anno sul Lago d\u2019Iseo. A distanza di un anno, Christo arriva ad Assisi per incontrare il grande pubblico. L\u2019appuntamento \u00e8 per venerd\u00ec 16 settembre, alle 21.30, nella Basilica Superiore di San Francesco. L\u2019artista, inoltre, sar\u00e0 protagonista in una mostra fotografica di Wolfgang Volz, dal 14 settembre al 7 gennaio.<\/p>\n<p><strong>Lezioni musicali <\/strong>Le esclusive lezioni musicali a porte aperte, in collaborazione con l\u2019Associazione Arturo Toscanini di Savigliano, del Maestro Uto Ughi a 20 nuovi talenti selezionati da lui stesso e dalla Toscanini il 14 settembre alle 11 e un esclusivo concerto nella Basilica Superiore il 15 alle 21.<\/p>\n<p><strong>Fotografia <\/strong>Tra gli ospiti della sezione \u2018L\u2019arte ci guarda\u2019 anche il fotografo, Oliviero Toscani presente come relatore, nell\u2019incontro dal titolo \u2018Design for Humanity\u2019, in programma sabato 16 settembre alle 17.30 nella Basilica Superiore di San Francesco, e come artista con una mostra delle sue opere intitolata \u2018La razza umana\u2019 visibile fino al 26 settembre.<\/p>\n<p><strong>Cancellatura<\/strong> Altro appuntamento sar\u00e0 quello con l\u2019artista concettuale e pittore, Emilio Isgr\u00f2, celebre per la sua poetica della \u201ccancellatura\u201d, strumento con cui dagli anni Settanta ormai restituisce all\u2019immagine quel ruolo di primo piano che la parola gli ha tolto. Isgr\u00f2 sar\u00e0 presente domenica 17 settembre alle 17.30 nel Salone Papale del Sacro Convento di Assisi, dove terr\u00e0 un incontro dal titolo \u2018Il mio Cantico\u2019 per parlare di \u201criparazioni\u201d, non di cancellature.<\/p>\n<p><strong>Teatro<\/strong> L\u2019evento finale della manifestazione sar\u00e0 quello di Gabriele Lavia che legger\u00e0 i testi di Dante, Omero, della Bibbia e degli scritti di San Francesco accompagnati dalla musica per coro e orchestra della Cappella Musicale della Basilica di San Francesco, diretta dal Maestro padre Giuseppe Magrino, e il concerto per fagotto di Filippo Piagnani.<\/p>\n<p><strong>Info<\/strong> Il Cortile di Francesco \u00e8 realizzato dal Pontificio Consiglio della Cultura, dal Sacro Convento di Assisi, dalla Conferenza Episcopale Umbra e dall\u2019Associazione Oicos Riflessioni e si inserisce all\u2019interno del progetto \u2018Il Cortile dei Gentili\u2019. Per tutte le informazioni su ospiti, programmi e appuntamenti \u00e8 possibile visitare il sito www.cortiledifrancesco.it<\/p>\n","protected":false},"excerpt":{"rendered":"<p>Appuntamenti di caratura internazionale tra workshop, conferenze, mostre e lezioni durante la terza edizione dell\u2019evento di D.N. fonte: umbria24.it L\u2019arte fa tappa ad Assisi con diversi appuntamenti di caratura internazionale per la terza edizione del Cortile di Francesco. Saranno Christo,<a class=\"more\" href=\"https:\/\/blog.olivierotoscanistudio.com\/?p=5394\">Leggi &rarr;<\/a><\/p>\n","protected":false},"author":3,"featured_media":0,"comment_status":"closed","ping_status":"closed","sticky":true,"template":"","format":"standard","meta":{"footnotes":""},"categories":[28,898,4,811,670,3],"tags":[967,985,986,195,40,15,23,984,44,41,969,20,163],"aioseo_notices":[],"_links":{"self":[{"href":"https:\/\/blog.olivierotoscanistudio.com\/index.php?rest_route=\/wp\/v2\/posts\/5394"}],"collection":[{"href":"https:\/\/blog.olivierotoscanistudio.com\/index.php?rest_route=\/wp\/v2\/posts"}],"about":[{"href":"https:\/\/blog.olivierotoscanistudio.com\/index.php?rest_route=\/wp\/v2\/types\/post"}],"author":[{"embeddable":true,"href":"https:\/\/blog.olivierotoscanistudio.com\/index.php?rest_route=\/wp\/v2\/users\/3"}],"replies":[{"embeddable":true,"href":"https:\/\/blog.olivierotoscanistudio.com\/index.php?rest_route=%2Fwp%2Fv2%2Fcomments&post=5394"}],"version-history":[{"count":1,"href":"https:\/\/blog.olivierotoscanistudio.com\/index.php?rest_route=\/wp\/v2\/posts\/5394\/revisions"}],"predecessor-version":[{"id":5395,"href":"https:\/\/blog.olivierotoscanistudio.com\/index.php?rest_route=\/wp\/v2\/posts\/5394\/revisions\/5395"}],"wp:attachment":[{"href":"https:\/\/blog.olivierotoscanistudio.com\/index.php?rest_route=%2Fwp%2Fv2%2Fmedia&parent=5394"}],"wp:term":[{"taxonomy":"category","embeddable":true,"href":"https:\/\/blog.olivierotoscanistudio.com\/index.php?rest_route=%2Fwp%2Fv2%2Fcategories&post=5394"},{"taxonomy":"post_tag","embeddable":true,"href":"https:\/\/blog.olivierotoscanistudio.com\/index.php?rest_route=%2Fwp%2Fv2%2Ftags&post=5394"}],"curies":[{"name":"wp","href":"https:\/\/api.w.org\/{rel}","templated":true}]}}