{"id":5390,"date":"2017-09-06T09:51:59","date_gmt":"2017-09-06T08:51:59","guid":{"rendered":"http:\/\/blog.olivierotoscanistudio.com\/?p=5390"},"modified":"2017-09-06T09:51:59","modified_gmt":"2017-09-06T08:51:59","slug":"grande-mostra-retrospettiva-su-oliviero-toscani-a-chiasso-e-la-prima-volta-in-svizzera","status":"publish","type":"post","link":"https:\/\/blog.olivierotoscanistudio.com\/?p=5390","title":{"rendered":"Grande mostra retrospettiva su Oliviero Toscani a Chiasso: \u00e8 la prima volta in Svizzera"},"content":{"rendered":"<p>05\/09\/2017<\/p>\n<p>fonte: <span style=\"color: #000000;\"><strong><a href=\"https:\/\/www.finestresullarte.info\/flash-news\/483n_oliviero-toscani-immaginare-mostra-chiasso.php\" target=\"_blank\">finestresullarte.info<\/a><\/strong><\/span><\/p>\n<p>Il <strong>Museo <\/strong><strong>m.a.x. di Chiasso<\/strong>, in Svizzera, dedicher\u00e0 una retrospettiva su <strong>Oliviero Toscani<\/strong>, grande comunicatore della pubblicit\u00e0 italiana.<\/p>\n<p><strong>\u201cImmaginare\u201d<\/strong>, questo il titolo della mostra, sar\u00e0 curata da Nicoletta Ossanna Cavadini, direttrice del museo, e da Susanna Crisanti, e sar\u00e0 tutta dedicata al tema principale della comunicazione secondo Toscani: <strong>la multiculturalit\u00e0<\/strong>. Alla mostra, infatti, saranno presenti un centinaio di pannelli del progetto <strong>\u201cRazza Umana\u201d<\/strong>, raffiguranti volti di donne e uomini di paesi diversi.<\/p>\n<p>In mostra, poi, saranno presenti fotografie realizzate da Toscani durante il periodo trascorso alla Kunstgewerbeschule di Zurigo, nonch\u00e9 scatti eseguiti nei viaggi a Londra, in Bretagna, in Sicilia, in Puglia e negli USA. Non mancheranno neppure le fotografie per le campagne pubblicitarie, su tutte quelle realizzate per la Benetton, per Chanel, Fiorucci, Prenatal e Valentino. Ci sar\u00e0 poi anche una sezione dedicata alla rivista <strong>Colors<\/strong>, prodotta da Toscani in 39 numeri tra il 1991 e il 2000.<\/p>\n<p>Si tratta della prima mostra di Toscani in terra svizzera. \u00c8 promossa dal Dicastero Educazione e Attivit\u00e0 culturali del Comune di Chiasso, e si avvale del patrocinio del Consolato Generale d\u2019Italia a Lugano, del sostegno della Repubblica e Cantone Ticino-Fondo Swisslos, di United Colors of Benetton, dell\u2019AGE SA e dell\u2019associazione amici del m.a.x. museo La rassegna aprir\u00e0 al pubblico il 15 ottobre 2017 e durer\u00e0 fino al 21 gennaio 2018. Orari d\u2019apertura: dal marted\u00ec alla domenica dalle 10 alle 12 e dalle 14 alle 18. Chiuso il luned\u00ec, tranne il 1\u00b0 gennaio 2018. Chiusure anche il 24, il 25 e il 31 dicembre. Aperture speciali: 1\u00b0 novembre, 8 dicembre, 26 dicembre, 1\u00b0 gennaio, 6 gennaio. Ingresso: intero 10 franchi svizzeri, ridotto (AVS, AI, studenti, TCS, TCI, FAI SWISS, FAI, convenzionati) 7, scolaresche e gruppi di almeno 15 persone, 5. Gratuito per bambini fino a 7 anni, giornalisti, Passaporto Musei svizzeri, ICOM, Visarte, Aiap, associazione amici del m.a.x. museo. <strong>Ingresso gratis ogni prima domenica del mese<\/strong>. Catalogo edito da <strong>Skira<\/strong>.<\/p>\n","protected":false},"excerpt":{"rendered":"<p>05\/09\/2017 fonte: finestresullarte.info Il Museo m.a.x. di Chiasso, in Svizzera, dedicher\u00e0 una retrospettiva su Oliviero Toscani, grande comunicatore della pubblicit\u00e0 italiana. \u201cImmaginare\u201d, questo il titolo della mostra, sar\u00e0 curata da Nicoletta Ossanna Cavadini, direttrice del museo, e da Susanna Crisanti,<a class=\"more\" href=\"https:\/\/blog.olivierotoscanistudio.com\/?p=5390\">Leggi &rarr;<\/a><\/p>\n","protected":false},"author":3,"featured_media":0,"comment_status":"closed","ping_status":"closed","sticky":true,"template":"","format":"standard","meta":{"footnotes":""},"categories":[898,4,811,670,3],"tags":[902,976,195,905,970,15,23,980,41,979,489,20,163,50],"aioseo_notices":[],"_links":{"self":[{"href":"https:\/\/blog.olivierotoscanistudio.com\/index.php?rest_route=\/wp\/v2\/posts\/5390"}],"collection":[{"href":"https:\/\/blog.olivierotoscanistudio.com\/index.php?rest_route=\/wp\/v2\/posts"}],"about":[{"href":"https:\/\/blog.olivierotoscanistudio.com\/index.php?rest_route=\/wp\/v2\/types\/post"}],"author":[{"embeddable":true,"href":"https:\/\/blog.olivierotoscanistudio.com\/index.php?rest_route=\/wp\/v2\/users\/3"}],"replies":[{"embeddable":true,"href":"https:\/\/blog.olivierotoscanistudio.com\/index.php?rest_route=%2Fwp%2Fv2%2Fcomments&post=5390"}],"version-history":[{"count":1,"href":"https:\/\/blog.olivierotoscanistudio.com\/index.php?rest_route=\/wp\/v2\/posts\/5390\/revisions"}],"predecessor-version":[{"id":5391,"href":"https:\/\/blog.olivierotoscanistudio.com\/index.php?rest_route=\/wp\/v2\/posts\/5390\/revisions\/5391"}],"wp:attachment":[{"href":"https:\/\/blog.olivierotoscanistudio.com\/index.php?rest_route=%2Fwp%2Fv2%2Fmedia&parent=5390"}],"wp:term":[{"taxonomy":"category","embeddable":true,"href":"https:\/\/blog.olivierotoscanistudio.com\/index.php?rest_route=%2Fwp%2Fv2%2Fcategories&post=5390"},{"taxonomy":"post_tag","embeddable":true,"href":"https:\/\/blog.olivierotoscanistudio.com\/index.php?rest_route=%2Fwp%2Fv2%2Ftags&post=5390"}],"curies":[{"name":"wp","href":"https:\/\/api.w.org\/{rel}","templated":true}]}}