{"id":5356,"date":"2017-06-26T16:33:35","date_gmt":"2017-06-26T15:33:35","guid":{"rendered":"http:\/\/blog.olivierotoscanistudio.com\/?p=5356"},"modified":"2017-06-26T16:33:35","modified_gmt":"2017-06-26T15:33:35","slug":"estate-in-carrara-oliviero-toscani-venerdi-30-giugno-2017-bergamo","status":"publish","type":"post","link":"https:\/\/blog.olivierotoscanistudio.com\/?p=5356","title":{"rendered":"ESTATE IN CARRARA: OLIVIERO TOSCANI &#8211; venerd\u00ec 30 giugno 2017 | Bergamo"},"content":{"rendered":"<h2>L&#8217;estate dell&#8217;Accademia Carrara \u00e8 anche eventi, dinamismo, vivacit\u00e0, presenza di linguaggi diversi.<\/h2>\n<p>Dal 30 giugno una proposta culturale che si apre a diverse forme di contaminazione capaci di completare l\u2019offerta del museo.<\/p>\n<p>Accademia Carrara presenta cos\u00ec la terza edizione di Estate in Carrara, proponendo cinque venerd\u00ec di serate a tema, dalla musica alla cucina, dall&#8217;arte al teatro, con aperture straordinarie fino alla mezzanotte.<\/p>\n<p>Primo appuntamento venerd\u00ec 30 giugno: ospite d&#8217;eccezione il fotografo Oliviero Toscani che racconter\u00e0 al pubblico la sua arte, tra creativit\u00e0 e comunicazione visiva.<\/p>\n<p>&nbsp;<\/p>\n<p>fonte: <strong><span style=\"text-decoration: underline; color: #000000;\"><a href=\"http:\/\/www.bergamoavvenimenti.it\/calendario\/event\/75631\/estate-in-carrara-oliviero-toscani\/\" target=\"_blank\">bergamoavvenimenti.it<\/a><\/span><\/strong><\/p>\n","protected":false},"excerpt":{"rendered":"<p>L&#8217;estate dell&#8217;Accademia Carrara \u00e8 anche eventi, dinamismo, vivacit\u00e0, presenza di linguaggi diversi. Dal 30 giugno una proposta culturale che si apre a diverse forme di contaminazione capaci di completare l\u2019offerta del museo. Accademia Carrara presenta cos\u00ec la terza edizione di<a class=\"more\" href=\"https:\/\/blog.olivierotoscanistudio.com\/?p=5356\">Leggi &rarr;<\/a><\/p>\n","protected":false},"author":3,"featured_media":0,"comment_status":"closed","ping_status":"closed","sticky":true,"template":"","format":"standard","meta":{"footnotes":""},"categories":[898,4,3],"tags":[947,948,195,130,15,23,946,20,163],"aioseo_notices":[],"_links":{"self":[{"href":"https:\/\/blog.olivierotoscanistudio.com\/index.php?rest_route=\/wp\/v2\/posts\/5356"}],"collection":[{"href":"https:\/\/blog.olivierotoscanistudio.com\/index.php?rest_route=\/wp\/v2\/posts"}],"about":[{"href":"https:\/\/blog.olivierotoscanistudio.com\/index.php?rest_route=\/wp\/v2\/types\/post"}],"author":[{"embeddable":true,"href":"https:\/\/blog.olivierotoscanistudio.com\/index.php?rest_route=\/wp\/v2\/users\/3"}],"replies":[{"embeddable":true,"href":"https:\/\/blog.olivierotoscanistudio.com\/index.php?rest_route=%2Fwp%2Fv2%2Fcomments&post=5356"}],"version-history":[{"count":1,"href":"https:\/\/blog.olivierotoscanistudio.com\/index.php?rest_route=\/wp\/v2\/posts\/5356\/revisions"}],"predecessor-version":[{"id":5357,"href":"https:\/\/blog.olivierotoscanistudio.com\/index.php?rest_route=\/wp\/v2\/posts\/5356\/revisions\/5357"}],"wp:attachment":[{"href":"https:\/\/blog.olivierotoscanistudio.com\/index.php?rest_route=%2Fwp%2Fv2%2Fmedia&parent=5356"}],"wp:term":[{"taxonomy":"category","embeddable":true,"href":"https:\/\/blog.olivierotoscanistudio.com\/index.php?rest_route=%2Fwp%2Fv2%2Fcategories&post=5356"},{"taxonomy":"post_tag","embeddable":true,"href":"https:\/\/blog.olivierotoscanistudio.com\/index.php?rest_route=%2Fwp%2Fv2%2Ftags&post=5356"}],"curies":[{"name":"wp","href":"https:\/\/api.w.org\/{rel}","templated":true}]}}