{"id":5304,"date":"2017-05-22T08:43:19","date_gmt":"2017-05-22T07:43:19","guid":{"rendered":"http:\/\/blog.olivierotoscanistudio.com\/?p=5304"},"modified":"2017-05-22T08:43:19","modified_gmt":"2017-05-22T07:43:19","slug":"oliviero-toscani-e-don-milani-anchio-mi-sento-suo-allievo","status":"publish","type":"post","link":"https:\/\/blog.olivierotoscanistudio.com\/?p=5304","title":{"rendered":"Oliviero Toscani e don Milani: \u201cAnch&#8217;io mi sento suo allievo\u201d"},"content":{"rendered":"<p>Un libro con gli scatti del fotografo che lo immortal\u00f2 a soli 21 anni<\/p>\n<div id=\"attachment_5305\" style=\"width: 578px\" class=\"wp-caption alignnone\"><a href=\"https:\/\/blog.olivierotoscanistudio.com\/wp-content\/uploads\/2017\/05\/Oliviero-Toscani-ph.-5-Rl3S4NnJ7JYbbLae8ADf6kL-568x320@LaStampa.it_.jpg\" rel=\"lightbox[5304]\"><img loading=\"lazy\" decoding=\"async\" aria-describedby=\"caption-attachment-5305\" class=\"wp-image-5305 size-full\" src=\"https:\/\/blog.olivierotoscanistudio.com\/wp-content\/uploads\/2017\/05\/Oliviero-Toscani-ph.-5-Rl3S4NnJ7JYbbLae8ADf6kL-568x320@LaStampa.it_.jpg\" alt=\"Don Lorenzo Milani in uno scatto di Oliviero Toscani\" width=\"568\" height=\"320\" srcset=\"https:\/\/blog.olivierotoscanistudio.com\/wp-content\/uploads\/2017\/05\/Oliviero-Toscani-ph.-5-Rl3S4NnJ7JYbbLae8ADf6kL-568x320@LaStampa.it_.jpg 568w, https:\/\/blog.olivierotoscanistudio.com\/wp-content\/uploads\/2017\/05\/Oliviero-Toscani-ph.-5-Rl3S4NnJ7JYbbLae8ADf6kL-568x320@LaStampa.it_-300x169.jpg 300w\" sizes=\"(max-width: 568px) 100vw, 568px\" \/><\/a><p id=\"caption-attachment-5305\" class=\"wp-caption-text\"><em>Don Lorenzo Milani in uno scatto di Oliviero Toscani<\/em><\/p><\/div>\n<p>\u00abLa scuola di oggi avrebbe urgente bisogno di imparare l&#8217;\u201cI care\u201d, il \u201cmi sta a cuore\u201d, di don Milani\u00bb. Dovrebbe \u00abfare sua la capacit\u00e0 del Priore di Barbiana di voler bene, veramente e profondamente e con tenerezza, ai bambini e ragazzi\u00bb. Parola di Aldo Bozzolini, uno dei primi sei ragazzi di Barbiana.<\/p>\n<p>&nbsp;<\/p>\n<p>Oggi al Salone internazionale del Libro di Torino (alle 14.30, Spazio Autori, pad. 3) lo ribadir\u00e0 all&#8217;incontro \u201cDon Lorenzo Milani fotografato da Oliviero Toscani &#8211; il famoso fotografo racconta i suoi incontri con il priore di Barbiana nel 50\u00b0 anniversario della sua morte\u201d (promosso da Editrice missionaria italiana, moderato da Francesco Antonioli).<\/p>\n<p>&nbsp;<\/p>\n<p>Sar\u00e0 l\u2019occasione per vedere le dieci fotografie che un giovane &#8211; 21enne &#8211; Toscani (cognato di Giorgio Pecorini, giornalista, amico di don Milani) scatt\u00f2 a Barbiana durante alcuni suoi soggiorni. Immagini rare, alcune delle quali hanno impreziosito vari volumi Emi, come \u201cI care ancora\u201d (2001). Dice Toscani: \u00abDon Milani era un uomo di grandissima intelligenza che cap\u00ec subito i meccanismi della comunicazione di massa; comprese che per far passare il suo messaggio doveva implicarsi in prima persona. E cos\u00ec fece\u00bb. Per l&#8217;artista, \u00abnon solo quelli di Barbiana, ma tutti coloro che lo hanno conosciuto, letto o studiato sono suoi allievi. Don Milani \u00e8 un patrimonio degli italiani\u00bb.<\/p>\n<p>&nbsp;<\/p>\n<p>Bozzolini \u00e8 autore di \u201cBarbiana, o dell\u2019inclusione. Un allievo racconta\u201d (Emi, prefazione di Eraldo Affinati), libro nel quale viene messo in rilievo il tratto \u00abcorale\u00bb dell\u2019esperienza di Barbiana, ovvero il fatto che proprio grazie al senso di comunit\u00e0 di quella popolazione di montagna don Milani trov\u00f2 terreno fertile per avviare il suo progetto di scuola popolare.<\/p>\n<p>&nbsp;<\/p>\n<p>Il Priore di Barbiana (frazione di Vicchio, arcidiocesi di Firenze), nato nel 1923, con la sua scuola negli anni &#8217;50 del secolo scorso avvi\u00f2 un&#8217;esperienza educativa rivolta ai giovani di quella comunit\u00e0, che, anche per motivi geografici oltre che economici, erano disagiati e svantaggiati rispetto ai coetanei di citt\u00e0. La scuola &#8211; basata appunto sul concetto di \u201cI care\u201d &#8211; cre\u00f2 discussioni pedagogiche accese, anche nella Chiesa, che in parte osteggi\u00f2 duramente don Milani. Era allestita in un paio di stanze della canonica, e consisteva in un vero e proprio collettivo, in cui si lavorava tutti insieme. La regola principale era: chi sapeva di pi\u00f9 aiutava e sosteneva chi sapeva di meno. Dice Bozzolini: \u00abIn questo modo, don Milani ha creato un sistema di istruzione ed educazione che dava innanzitutto dignit\u00e0 a chi non l&#8217;aveva a causa della povert\u00e0, e poi speranza e basi solide per poter essere protagonisti positivi del proprio futuro\u00bb.<\/p>\n<p>&nbsp;<\/p>\n<p>Anche Papa Francesco celebra in questi mesi la ricorrenza di don Milani: marted\u00ec 20 giugno, infatti, si recher\u00e0 a pregare in forma riservata sulla tomba a Barbiana. Mentre il 23 aprile scorso ha affermato: \u00abMi piacerebbe che lo ricordassimo soprattutto come educatore appassionato, con una visione della scuola che mi sembra risposta alla esigenza del cuore e dell\u2019intelligenza dei ragazzi\u00bb. Poi ha ricordato e parafrasato un&#8217;affermazione di don Milani: \u00abAmo la scuola perch\u00e9 \u00e8 sinonimo di apertura alla realt\u00e0. Almeno cos\u00ec dovrebbe essere! Ma non sempre riesce ad esserlo, e allora vuol dire che bisogna cambiare un po\u2019 l\u2019impostazione. Andare a scuola significa aprire la mente ed il cuore alla realt\u00e0. E noi non abbiamo diritto ad aver paura della realt\u00e0! La scuola ci insegna a capirla\u00bb.<\/p>\n","protected":false},"excerpt":{"rendered":"<p>Un libro con gli scatti del fotografo che lo immortal\u00f2 a soli 21 anni \u00abLa scuola di oggi avrebbe urgente bisogno di imparare l&#8217;\u201cI care\u201d, il \u201cmi sta a cuore\u201d, di don Milani\u00bb. Dovrebbe \u00abfare sua la capacit\u00e0 del Priore<a class=\"more\" href=\"https:\/\/blog.olivierotoscanistudio.com\/?p=5304\">Leggi &rarr;<\/a><\/p>\n","protected":false},"author":3,"featured_media":0,"comment_status":"closed","ping_status":"closed","sticky":true,"template":"","format":"standard","meta":{"footnotes":""},"categories":[28,898,4,811,3],"tags":[921,259,15,23,67,44,920,20,163],"aioseo_notices":[],"_links":{"self":[{"href":"https:\/\/blog.olivierotoscanistudio.com\/index.php?rest_route=\/wp\/v2\/posts\/5304"}],"collection":[{"href":"https:\/\/blog.olivierotoscanistudio.com\/index.php?rest_route=\/wp\/v2\/posts"}],"about":[{"href":"https:\/\/blog.olivierotoscanistudio.com\/index.php?rest_route=\/wp\/v2\/types\/post"}],"author":[{"embeddable":true,"href":"https:\/\/blog.olivierotoscanistudio.com\/index.php?rest_route=\/wp\/v2\/users\/3"}],"replies":[{"embeddable":true,"href":"https:\/\/blog.olivierotoscanistudio.com\/index.php?rest_route=%2Fwp%2Fv2%2Fcomments&post=5304"}],"version-history":[{"count":2,"href":"https:\/\/blog.olivierotoscanistudio.com\/index.php?rest_route=\/wp\/v2\/posts\/5304\/revisions"}],"predecessor-version":[{"id":5307,"href":"https:\/\/blog.olivierotoscanistudio.com\/index.php?rest_route=\/wp\/v2\/posts\/5304\/revisions\/5307"}],"wp:attachment":[{"href":"https:\/\/blog.olivierotoscanistudio.com\/index.php?rest_route=%2Fwp%2Fv2%2Fmedia&parent=5304"}],"wp:term":[{"taxonomy":"category","embeddable":true,"href":"https:\/\/blog.olivierotoscanistudio.com\/index.php?rest_route=%2Fwp%2Fv2%2Fcategories&post=5304"},{"taxonomy":"post_tag","embeddable":true,"href":"https:\/\/blog.olivierotoscanistudio.com\/index.php?rest_route=%2Fwp%2Fv2%2Ftags&post=5304"}],"curies":[{"name":"wp","href":"https:\/\/api.w.org\/{rel}","templated":true}]}}