{"id":5249,"date":"2017-05-02T08:24:45","date_gmt":"2017-05-02T07:24:45","guid":{"rendered":"http:\/\/blog.olivierotoscanistudio.com\/?p=5249"},"modified":"2017-05-02T08:33:01","modified_gmt":"2017-05-02T07:33:01","slug":"oliviero-toscani-si-scaglia-duramente-contro-il-pd-e-su-renzi-deve-andare-fuori-dai-cog","status":"publish","type":"post","link":"https:\/\/blog.olivierotoscanistudio.com\/?p=5249","title":{"rendered":"Oliviero Toscani si scaglia duramente contro il Pd. E su Renzi: &#8220;Deve andare fuori dai cog&#8230;&#8221;"},"content":{"rendered":"<p><a href=\"https:\/\/blog.olivierotoscanistudio.com\/wp-content\/uploads\/2017\/05\/intervista-ot-renzi1.jpg\" rel=\"lightbox[5249]\"><img loading=\"lazy\" decoding=\"async\" class=\" size-full wp-image-5256 alignnone\" src=\"https:\/\/blog.olivierotoscanistudio.com\/wp-content\/uploads\/2017\/05\/intervista-ot-renzi1.jpg\" alt=\"intervista-ot-renzi\" width=\"900\" height=\"986\" srcset=\"https:\/\/blog.olivierotoscanistudio.com\/wp-content\/uploads\/2017\/05\/intervista-ot-renzi1.jpg 900w, https:\/\/blog.olivierotoscanistudio.com\/wp-content\/uploads\/2017\/05\/intervista-ot-renzi1-274x300.jpg 274w\" sizes=\"(max-width: 900px) 100vw, 900px\" \/><\/a><\/p>\n<p>29\/04\/2017<\/p>\n<p>&#8220;<strong>\u00c8 una cagata<\/strong>, roba di provincia, la provincia pi\u00f9 triste&#8221;. Ha parlato cos\u00ec <strong>Oliviero Toscani<\/strong> in merito alla\u00a0campagna di comunicazione per le primarie del <strong>Pd<\/strong>.\u00a0Il fotografo e pubblicitario milanese \u00e8 stato telefonicamente raggiunto in Messico da <em>Il Fatto Quotidiano<\/em> e si \u00e8 subito espresso duramente in merito al dibattito che riguarda il partito: &#8220;Lasci stare questa politica, non me ne intendo e<strong> non ne voglio sapere<\/strong>, non mi interessa pi\u00f9 niente della politica italiana&#8221;.<\/p>\n<p>Toscani non ha per niente seguito il confronto tv per le primarie e si \u00e8 duramente espresso nei confronti degli italiani e di <strong>Matteo Renzi<\/strong>. &#8220;<strong>Gli italiani coglioni<\/strong> che ancora perdono il tempo con questa politica, chiacchieroni ma non hanno ancora capito che devono mandare tutti a cagare?&#8221;. E sull&#8217;ex premier dice: &#8220;<strong>Deve andare fuori<\/strong> dai coglioni quello l\u00ec, aveva perso, non \u00e8 andato ed \u00e8 ancora l\u00ec&#8221;.<\/p>\n<p>&nbsp;<\/p>\n<p><span style=\"color: #ff0000;\"><strong><span style=\"text-decoration: underline;\"><a href=\"http:\/\/www.liberoquotidiano.it\/news\/sfoglio\/12370962\/oliviero-toscani-pd-matteo-renzi-giudizio-politica-primarie.html\" target=\"_blank\">fonte: liberoquotidiano.it<\/a><\/span><\/strong><\/span><\/p>\n","protected":false},"excerpt":{"rendered":"<p>29\/04\/2017 &#8220;\u00c8 una cagata, roba di provincia, la provincia pi\u00f9 triste&#8221;. Ha parlato cos\u00ec Oliviero Toscani in merito alla\u00a0campagna di comunicazione per le primarie del Pd.\u00a0Il fotografo e pubblicitario milanese \u00e8 stato telefonicamente raggiunto in Messico da Il Fatto Quotidiano<a class=\"more\" href=\"https:\/\/blog.olivierotoscanistudio.com\/?p=5249\">Leggi &rarr;<\/a><\/p>\n","protected":false},"author":3,"featured_media":0,"comment_status":"closed","ping_status":"closed","sticky":true,"template":"","format":"standard","meta":{"footnotes":""},"categories":[28,31,794,3],"tags":[259,631,15,23,876,875,431,778,874,44,432,20,163],"aioseo_notices":[],"_links":{"self":[{"href":"https:\/\/blog.olivierotoscanistudio.com\/index.php?rest_route=\/wp\/v2\/posts\/5249"}],"collection":[{"href":"https:\/\/blog.olivierotoscanistudio.com\/index.php?rest_route=\/wp\/v2\/posts"}],"about":[{"href":"https:\/\/blog.olivierotoscanistudio.com\/index.php?rest_route=\/wp\/v2\/types\/post"}],"author":[{"embeddable":true,"href":"https:\/\/blog.olivierotoscanistudio.com\/index.php?rest_route=\/wp\/v2\/users\/3"}],"replies":[{"embeddable":true,"href":"https:\/\/blog.olivierotoscanistudio.com\/index.php?rest_route=%2Fwp%2Fv2%2Fcomments&post=5249"}],"version-history":[{"count":5,"href":"https:\/\/blog.olivierotoscanistudio.com\/index.php?rest_route=\/wp\/v2\/posts\/5249\/revisions"}],"predecessor-version":[{"id":5258,"href":"https:\/\/blog.olivierotoscanistudio.com\/index.php?rest_route=\/wp\/v2\/posts\/5249\/revisions\/5258"}],"wp:attachment":[{"href":"https:\/\/blog.olivierotoscanistudio.com\/index.php?rest_route=%2Fwp%2Fv2%2Fmedia&parent=5249"}],"wp:term":[{"taxonomy":"category","embeddable":true,"href":"https:\/\/blog.olivierotoscanistudio.com\/index.php?rest_route=%2Fwp%2Fv2%2Fcategories&post=5249"},{"taxonomy":"post_tag","embeddable":true,"href":"https:\/\/blog.olivierotoscanistudio.com\/index.php?rest_route=%2Fwp%2Fv2%2Ftags&post=5249"}],"curies":[{"name":"wp","href":"https:\/\/api.w.org\/{rel}","templated":true}]}}