{"id":5044,"date":"2016-11-25T10:27:04","date_gmt":"2016-11-25T09:27:04","guid":{"rendered":"http:\/\/blog.olivierotoscanistudio.com\/?p=5044"},"modified":"2016-11-25T10:27:04","modified_gmt":"2016-11-25T09:27:04","slug":"oliviero-toscani-quelli-che-respingono-i-profughi-saranno-mandati-in-isolamento","status":"publish","type":"post","link":"https:\/\/blog.olivierotoscanistudio.com\/?p=5044","title":{"rendered":"Oliviero Toscani: \u201cquelli che respingono i profughi saranno mandati in isolamento\u201d"},"content":{"rendered":"<p><em>Per Toscani coloro che respingono i profughi \u201cSono dei subumani, non umani. Verranno travolti dai neri e mandati nei posti di isolamento, come noi abbiamo fatto con gli indiani americani\u201d.\u00a0<\/em><\/p>\n<p>VENEZIA, 22 NOV \u2013 \u201cSono stato assolto per la storia dei veneti ubriaconi e il sindaco di Padova Bitonci non c\u2019\u00e8 pi\u00f9: cucuc\u00f9 il sindaco non c\u2019\u00e8 pi\u00f9, cuc\u00f9\u201d. E\u2019 un Oliviero Toscani scatenato quello assolto dal giudice per la dichiarazione sui \u201cveneti ubriaconi atavici\u201d.<\/p>\n<p>Ne ha per tutti, Toscani. Il primo \u00e8 il presidente della Regione Veneto: \u201cadesso chieder\u00f2 i danni a Zaia. E a tutti quei veneti che mi hanno insultato, mi sono segnato tutti i nomi e i cognomi. Molti invece sono con me. Adesso sono ubriachi, pure con sentenza. Zaia lo porto in tribunale, mi ha veramente aggredito\u201d.<\/p>\n<p>Poi tocca all\u2019ex sindaco di Padova Bitonci: \u201cNon parliamo di miserabili. Senza di lui diventiamo lentamente pi\u00f9 civili. Senza Bitonci c\u2019\u00e8 un miglioramento nella civilt\u00e0 umana, un piccolo miglioramento\u201d. Per Toscani infine coloro che respingono i profughi\u00a0<strong>\u201cSono dei subumani, non umani. Verranno travolti dai neri e mandati nei posti di isolamento<\/strong>, come noi abbiamo fatto con gli indiani americani\u201d. (ANSA)<\/p>\n<p>22-11-2016 \u00a0source: <strong><a href=\"http:\/\/www.imolaoggi.it\/2016\/11\/22\/oliviero-toscani-quelli-che-respingono-i-profughi-saranno-mandati-in-isolamento\/\" target=\"_blank\">imolaoggi.it<\/a><\/strong><\/p>\n","protected":false},"excerpt":{"rendered":"<p>Per Toscani coloro che respingono i profughi \u201cSono dei subumani, non umani. Verranno travolti dai neri e mandati nei posti di isolamento, come noi abbiamo fatto con gli indiani americani\u201d.\u00a0 VENEZIA, 22 NOV \u2013 \u201cSono stato assolto per la storia<a class=\"more\" href=\"https:\/\/blog.olivierotoscanistudio.com\/?p=5044\">Leggi &rarr;<\/a><\/p>\n","protected":false},"author":3,"featured_media":0,"comment_status":"closed","ping_status":"closed","sticky":true,"template":"","format":"standard","meta":{"footnotes":""},"categories":[28,3],"tags":[799,796,800],"aioseo_notices":[],"_links":{"self":[{"href":"https:\/\/blog.olivierotoscanistudio.com\/index.php?rest_route=\/wp\/v2\/posts\/5044"}],"collection":[{"href":"https:\/\/blog.olivierotoscanistudio.com\/index.php?rest_route=\/wp\/v2\/posts"}],"about":[{"href":"https:\/\/blog.olivierotoscanistudio.com\/index.php?rest_route=\/wp\/v2\/types\/post"}],"author":[{"embeddable":true,"href":"https:\/\/blog.olivierotoscanistudio.com\/index.php?rest_route=\/wp\/v2\/users\/3"}],"replies":[{"embeddable":true,"href":"https:\/\/blog.olivierotoscanistudio.com\/index.php?rest_route=%2Fwp%2Fv2%2Fcomments&post=5044"}],"version-history":[{"count":1,"href":"https:\/\/blog.olivierotoscanistudio.com\/index.php?rest_route=\/wp\/v2\/posts\/5044\/revisions"}],"predecessor-version":[{"id":5045,"href":"https:\/\/blog.olivierotoscanistudio.com\/index.php?rest_route=\/wp\/v2\/posts\/5044\/revisions\/5045"}],"wp:attachment":[{"href":"https:\/\/blog.olivierotoscanistudio.com\/index.php?rest_route=%2Fwp%2Fv2%2Fmedia&parent=5044"}],"wp:term":[{"taxonomy":"category","embeddable":true,"href":"https:\/\/blog.olivierotoscanistudio.com\/index.php?rest_route=%2Fwp%2Fv2%2Fcategories&post=5044"},{"taxonomy":"post_tag","embeddable":true,"href":"https:\/\/blog.olivierotoscanistudio.com\/index.php?rest_route=%2Fwp%2Fv2%2Ftags&post=5044"}],"curies":[{"name":"wp","href":"https:\/\/api.w.org\/{rel}","templated":true}]}}