{"id":4986,"date":"2016-10-07T13:30:44","date_gmt":"2016-10-07T12:30:44","guid":{"rendered":"http:\/\/blog.olivierotoscanistudio.com\/?p=4986"},"modified":"2016-10-07T13:30:44","modified_gmt":"2016-10-07T12:30:44","slug":"workshop-il-mestiere-dellarte-con-oliviero-toscani-a-vibo-valentia-camcom-it-28-09-2016","status":"publish","type":"post","link":"https:\/\/blog.olivierotoscanistudio.com\/?p=4986","title":{"rendered":"Workshop \u201cIl mestiere dell\u2019arte\u201d con Oliviero Toscani a Vibo Valentia. (camcom.it \/ 28.09.2016)"},"content":{"rendered":"<p class=\"documentDescription\">\n<p class=\"documentDescription\"><span style=\"color: #ffffff;\">.<\/span><\/p>\n<p class=\"documentDescription\">La Camera di Commercio di Vibo Valentia, nell\u2019ambito del programma di iniziative per la promozione dell\u2019arte e della cultura per lo sviluppo e la legalit\u00e0, organizza, in collaborazione con la societ\u00e0 Arthemisia Group, importante azienda italiana specializzata nella produzione di mostre d\u2019arte e di eventi culturali in Italia e all\u2019estero, il workshop \u201cIl mestiere dell\u2019arte\u201d, destinato a nuove idee imprenditoriali nel settore della valorizzazione economica del patrimonio culturale e artistico.<\/p>\n<div class=\"plain\">\n<p>Il workshop si terr\u00e0 presso la sede camerale nei giorni <b>7, 14 e 20 ottobre 2016 <\/b>con la presenza straordinaria del famoso fotografo <b>Oliviero Toscani<\/b>. La partecipazione \u00e8 <b>gratuita.<\/b><\/p>\n<p>Nelle tre giornate del workshop si alterneranno importanti professionalit\u00e0, che racconteranno in dettaglio il sistema italiano dell\u2019arte. Oltre a <b>Toscani<\/b>, che terr\u00e0 la conference di chiusura il 20 ottobre alle ore 17,00, ci saranno<b>Sergio Gaddi<\/b>, il \u201cVolto dell\u2019arte\u201d de \u201cLa Vita in Diretta\u201d di Rai Uno, il direttore di Palazzo Reale di Milano <b>Domenico Piraina<\/b>, l\u2019editrice <b>Paola Gribaudo<\/b>, il presidente di LOOP (azienda leader in Italia per technology, interaction design e art experience) <b>Claudio Mazzanti<\/b>, il produttore di eventi <b>Gianni Filippini<\/b>, il curatore del settore arte del <i>Rolling Stone Magazine<\/i> <b>Nicolas Ballario<\/b> e la direttrice di mostre <b>Francesca Silvestri<\/b>, coordinatrice dell\u2019ufficio estero di Arthemisia Group.<\/p>\n<p><b>\u00a0<\/b><\/p>\n<p>La richiesta di iscrizione (fino a esaurimento posti) pu\u00f2 essere inoltrata ad Arthemisia Group all\u2019indirizzo di posta elettronica <span class=\"link-mailto\"><a href=\"mailto:nb@arthemisia.it\">nb@arthemisia.it<\/a><\/span>, riportando i dati del richiedente e la motivazione della partecipazione.<\/p>\n<p>Le scuole possono partecipare iscrivendo anche una o pi\u00f9 classi. Verr\u00e0 data precedenza agli studenti dei licei artistici, delle universit\u00e0 di storia dell\u2019arte e marketing culturale e delle accademie.<\/p>\n<p>Per maggiori informazioni:<\/p>\n<p>Arthemisia Group S.r.l.<\/p>\n<p>Tel. +39 06 693 803\u00a006<\/p>\n<p>Fax\u00a0+39 06 678 18 46<\/p>\n<p>Email <span class=\"link-mailto\"><a href=\"mailto:nb@arthemisia.it\" target=\"_blank\">nb@arthemisia.it<\/a><\/span><\/p>\n<p><span class=\"link-external\"><a href=\"http:\/\/www.arthemisia.it\/\" target=\"_blank\">www.arthemisia.it<\/a><\/span><\/p>\n<ul type=\"disc\">\n<li><a title=\"programma workshop-1.pdf\" href=\"http:\/\/www.vv.camcom.it\/1\/news-1\/programma%20workshop-1.pdf\">Programma workshop<\/a><\/li>\n<\/ul>\n<\/div>\n<p><a href=\"https:\/\/blog.olivierotoscanistudio.com\/wp-content\/uploads\/2016\/10\/B1RhCFACEAIOPys.jpg\" rel=\"lightbox[4986]\"><img loading=\"lazy\" decoding=\"async\" class=\"alignleft  wp-image-4987\" src=\"https:\/\/blog.olivierotoscanistudio.com\/wp-content\/uploads\/2016\/10\/B1RhCFACEAIOPys.jpg\" alt=\"b1rhcfaceaiopys\" width=\"249\" height=\"332\" srcset=\"https:\/\/blog.olivierotoscanistudio.com\/wp-content\/uploads\/2016\/10\/B1RhCFACEAIOPys.jpg 600w, https:\/\/blog.olivierotoscanistudio.com\/wp-content\/uploads\/2016\/10\/B1RhCFACEAIOPys-225x300.jpg 225w\" sizes=\"(max-width: 249px) 100vw, 249px\" \/><\/a><\/p>\n<p>&nbsp;<\/p>\n<p>&nbsp;<\/p>\n<p>&nbsp;<\/p>\n<p>&nbsp;<\/p>\n<p>&nbsp;<\/p>\n<p>&nbsp;<\/p>\n<p>&nbsp;<\/p>\n<p>&nbsp;<\/p>\n<p>&nbsp;<\/p>\n<p>&nbsp;<\/p>\n<p>&nbsp;<\/p>\n<p>28.09.2016<\/p>\n<p><a href=\"http:\/\/www.vv.camcom.it\/1\/news-1\/28-09-2016-2013-workshop-201cil-mestiere-dell2019arte201d-con-oliviero-toscani-a-vibo-valentia\/\">camcom.it<\/a><\/p>\n<p>&nbsp;<\/p>\n","protected":false},"excerpt":{"rendered":"<p>. La Camera di Commercio di Vibo Valentia, nell\u2019ambito del programma di iniziative per la promozione dell\u2019arte e della cultura per lo sviluppo e la legalit\u00e0, organizza, in collaborazione con la societ\u00e0 Arthemisia Group, importante azienda italiana specializzata nella produzione<a class=\"more\" href=\"https:\/\/blog.olivierotoscanistudio.com\/?p=4986\">Leggi &rarr;<\/a><\/p>\n","protected":false},"author":3,"featured_media":0,"comment_status":"closed","ping_status":"closed","sticky":true,"template":"","format":"standard","meta":{"footnotes":""},"categories":[4],"tags":[],"aioseo_notices":[],"_links":{"self":[{"href":"https:\/\/blog.olivierotoscanistudio.com\/index.php?rest_route=\/wp\/v2\/posts\/4986"}],"collection":[{"href":"https:\/\/blog.olivierotoscanistudio.com\/index.php?rest_route=\/wp\/v2\/posts"}],"about":[{"href":"https:\/\/blog.olivierotoscanistudio.com\/index.php?rest_route=\/wp\/v2\/types\/post"}],"author":[{"embeddable":true,"href":"https:\/\/blog.olivierotoscanistudio.com\/index.php?rest_route=\/wp\/v2\/users\/3"}],"replies":[{"embeddable":true,"href":"https:\/\/blog.olivierotoscanistudio.com\/index.php?rest_route=%2Fwp%2Fv2%2Fcomments&post=4986"}],"version-history":[{"count":4,"href":"https:\/\/blog.olivierotoscanistudio.com\/index.php?rest_route=\/wp\/v2\/posts\/4986\/revisions"}],"predecessor-version":[{"id":4991,"href":"https:\/\/blog.olivierotoscanistudio.com\/index.php?rest_route=\/wp\/v2\/posts\/4986\/revisions\/4991"}],"wp:attachment":[{"href":"https:\/\/blog.olivierotoscanistudio.com\/index.php?rest_route=%2Fwp%2Fv2%2Fmedia&parent=4986"}],"wp:term":[{"taxonomy":"category","embeddable":true,"href":"https:\/\/blog.olivierotoscanistudio.com\/index.php?rest_route=%2Fwp%2Fv2%2Fcategories&post=4986"},{"taxonomy":"post_tag","embeddable":true,"href":"https:\/\/blog.olivierotoscanistudio.com\/index.php?rest_route=%2Fwp%2Fv2%2Ftags&post=4986"}],"curies":[{"name":"wp","href":"https:\/\/api.w.org\/{rel}","templated":true}]}}