{"id":4984,"date":"2016-09-29T11:44:15","date_gmt":"2016-09-29T10:44:15","guid":{"rendered":"http:\/\/blog.olivierotoscanistudio.com\/?p=4984"},"modified":"2016-09-29T11:44:15","modified_gmt":"2016-09-29T10:44:15","slug":"oliviero-toscani-in-mostra-a-vibo-con-razza-umana-dal-21-ottobre-al-20-novembre-lametino-it-28-09-2016","status":"publish","type":"post","link":"https:\/\/blog.olivierotoscanistudio.com\/?p=4984","title":{"rendered":"Oliviero Toscani in mostra a Vibo con &#8220;Razza Umana&#8221; dal 21 ottobre al 20 novembre (lametino.it \/ 28.09.2016)"},"content":{"rendered":"<p><img decoding=\"async\" src=\"http:\/\/www.lametino.it\/images\/stories\/oliveriero.jpg\" alt=\"oliveriero.jpg\" \/><\/p>\n<p>Vibo Valentia &#8211; Approda a Vibo Valentia, nel Museo Limen della Camera di Commercio, dal 21 ottobre al 20 novembre, la mostra di Oliviero Toscani &#8220;Razza Umana&#8221;. Il fotografo milanese, oltre ad inaugurare l&#8217;esposizione, sar\u00e0 il principale protagonista di un workshop sul tema &#8220;Il mestiere dell&#8217;arte&#8221;. &#8220;Da anni il grande fotografo, che ha cambiato il mondo della comunicazioni con le sue fortissime immagini &#8211; riporta una nota &#8211; realizza ritratti nelle piazze d&#8217;Italia e del mondo. Un progetto per scoprire le diverse morfologie, per rappresentare le espressioni, le caratteristiche fisiche, somatiche, sociali e culturali della nostra penisola. Una ricerca sull&#8217;unicit\u00e0 delle diversit\u00e0 per scoprire che ciascuno \u00e8 un&#8217;opera d&#8217;arte ma, allo stesso tempo, appartenente all&#8217;unica razza esistente, quella umana. Razza umana \u00e8 proprio il titolo della mostra, che dopo essere stata esposta in altri prestigiosi spazi approda a Vibo Valentia con decine di ritratti realizzati in ogni angolo del pianeta.<\/p>\n<p>&#8220;Si tratta di uno studio socio-politico, culturale e antropologico &#8211; spiega Toscani &#8211; fotografiamo la morfologia degli esseri umani, per vedere come siamo fatti, che faccia abbiamo, per capire le differenze. Prendiamo impronte somatiche e catturiamo i volti dell&#8217;umanit\u00e0&#8221;. Durante la presentazione della mostra, verr\u00e0 svelato anche il &#8220;nuovo volto&#8221; della collezione L\u00ecmen che propone una collezione di arte contemporanea in gran parte derivata dal premio annuale L\u00ecmen. \u00c8 ora intenzione della Camera di Commercio trasformare questa collezione in un vero e proprio Museo permanente. Il workshop comincer\u00e0 il 7 ottobre e continuer\u00e0 appunto nelle giornate del 14 e del 20, quando alle 17 ci sar\u00e0 l&#8217;intervento di Oliviero Toscani nella sede della Camera di Commercio di Vibo.<\/p>\n<p>28.09.2016<\/p>\n<p><a href=\"http:\/\/www.lametino.it\/Eventi\/oliviero-toscani-in-mostra-a-vibo-con-razza-umana-dal-21-ottobre-al-20-novembre.html\">lametino.it<\/a><\/p>\n<p>&nbsp;<\/p>\n","protected":false},"excerpt":{"rendered":"<p>Vibo Valentia &#8211; Approda a Vibo Valentia, nel Museo Limen della Camera di Commercio, dal 21 ottobre al 20 novembre, la mostra di Oliviero Toscani &#8220;Razza Umana&#8221;. Il fotografo milanese, oltre ad inaugurare l&#8217;esposizione, sar\u00e0 il principale protagonista di un<a class=\"more\" href=\"https:\/\/blog.olivierotoscanistudio.com\/?p=4984\">Leggi &rarr;<\/a><\/p>\n","protected":false},"author":3,"featured_media":0,"comment_status":"closed","ping_status":"closed","sticky":true,"template":"","format":"standard","meta":{"footnotes":""},"categories":[4],"tags":[],"aioseo_notices":[],"_links":{"self":[{"href":"https:\/\/blog.olivierotoscanistudio.com\/index.php?rest_route=\/wp\/v2\/posts\/4984"}],"collection":[{"href":"https:\/\/blog.olivierotoscanistudio.com\/index.php?rest_route=\/wp\/v2\/posts"}],"about":[{"href":"https:\/\/blog.olivierotoscanistudio.com\/index.php?rest_route=\/wp\/v2\/types\/post"}],"author":[{"embeddable":true,"href":"https:\/\/blog.olivierotoscanistudio.com\/index.php?rest_route=\/wp\/v2\/users\/3"}],"replies":[{"embeddable":true,"href":"https:\/\/blog.olivierotoscanistudio.com\/index.php?rest_route=%2Fwp%2Fv2%2Fcomments&post=4984"}],"version-history":[{"count":1,"href":"https:\/\/blog.olivierotoscanistudio.com\/index.php?rest_route=\/wp\/v2\/posts\/4984\/revisions"}],"predecessor-version":[{"id":4985,"href":"https:\/\/blog.olivierotoscanistudio.com\/index.php?rest_route=\/wp\/v2\/posts\/4984\/revisions\/4985"}],"wp:attachment":[{"href":"https:\/\/blog.olivierotoscanistudio.com\/index.php?rest_route=%2Fwp%2Fv2%2Fmedia&parent=4984"}],"wp:term":[{"taxonomy":"category","embeddable":true,"href":"https:\/\/blog.olivierotoscanistudio.com\/index.php?rest_route=%2Fwp%2Fv2%2Fcategories&post=4984"},{"taxonomy":"post_tag","embeddable":true,"href":"https:\/\/blog.olivierotoscanistudio.com\/index.php?rest_route=%2Fwp%2Fv2%2Ftags&post=4984"}],"curies":[{"name":"wp","href":"https:\/\/api.w.org\/{rel}","templated":true}]}}