{"id":4887,"date":"2016-06-13T09:17:03","date_gmt":"2016-06-13T08:17:03","guid":{"rendered":"http:\/\/blog.olivierotoscanistudio.com\/?p=4887"},"modified":"2016-06-13T09:19:01","modified_gmt":"2016-06-13T08:19:01","slug":"alla-morin-buon-appetito-con-le-foto-di-oliviero-toscani-cittadellaspezia-com-11-06-2016","status":"publish","type":"post","link":"https:\/\/blog.olivierotoscanistudio.com\/?p=4887","title":{"rendered":"Alla Morin &#8220;Buon appetito&#8221; con le foto di Oliviero Toscani (cittadellaspezia.com \/ 11.06.2016)"},"content":{"rendered":"<p><strong>Dopo la brochure dell&#8217;Autorit\u00e0 Portuale ecco gli scatti in passeggiata. Forcieri: &#8220;Passo in avanti in un momento cruciale per il turismo&#8221;. Erba: &#8220;Promozione di qualit\u00e0 per una citt\u00e0 che pu\u00f2 essere punto di riferimento&#8221;.<\/strong><\/p>\n<p><a href=\"http:\/\/www.cittadellaspezia.com\/mobile\/La-Spezia\/Cultura-e-Spettacolo\/Alla-Morin-Buon-appetito-con-le-foto-di-210206.aspx\"><img loading=\"lazy\" decoding=\"async\" class=\"alignleft size-medium wp-image-4888\" src=\"https:\/\/blog.olivierotoscanistudio.com\/wp-content\/uploads\/2016\/06\/eb4zrjpo-300x225.jpg\" alt=\"eb4zrjpo\" width=\"300\" height=\"225\" srcset=\"https:\/\/blog.olivierotoscanistudio.com\/wp-content\/uploads\/2016\/06\/eb4zrjpo-300x225.jpg 300w, https:\/\/blog.olivierotoscanistudio.com\/wp-content\/uploads\/2016\/06\/eb4zrjpo.jpg 800w\" sizes=\"(max-width: 300px) 100vw, 300px\" \/><\/a><\/p>\n<p>&nbsp;<\/p>\n<p><strong>La Spezia<\/strong> &#8211; Brindisi inaugurale questa mattina in passeggiata Morin per l&#8217;esposizione \u201cBuon appetito\u201d che per tutta l&#8217;estate \u2013 con eccezione nel periodo del Palio \u2013 metter\u00e0 in mosta a pochi passi dal mare le 41 fotografie realizzate da Oliviero Toscani per l&#8217;Autorit\u00e0 Portuale della Spezia. Un&#8217;ottima trasposizione della brochure realizzata a febbraio e andata a ruba nelle fiere e manifestazioni internazionali a cui l&#8217;ente ha preso parte, ed oggi ripubblicata in formato tascabile con un&#8217;aggiunta ancora pi\u00f9 gustosa. Oltre ai volti e ai piatti tipici ritratti dal celebre fotografo infatti la pubblicazione \u2013 che sar\u00e0 distribuita nei locali cittadini \u2013 e gli ingrandimenti sul molo, conterranno tutte le ricette in italiano e in inglese assecondando cos\u00ec le richieste raccolte da operatori e turisti negli ultimi mesi.<br \/>\n\u201cRingrazio l&#8217;Autorit\u00e0 Portuale per questa grande occasione regalata alla citt\u00e0 \u2013 ha sottolineato l&#8217;assessore Luca Erba \u2013 con un&#8217;iniziativa promozionale di altissima qualit\u00e0 che va nella giusta direzione per fare di questo territorio un punto di riferimento. Un mezzo importante per portare La Spezia nel mondo con tutto ci\u00f2 che la circonda: non solo le Cinque Terre ma anche Val di Vara, Val di Magra ed entroterra. Progetti come questo \u2013 ha aggiunto \u2013 fanno ben sperare e portano quel cambio di passo molto atteso per andare incontro al turismo di domani nel quale la citt\u00e0 pu\u00f2 svolgere un ruolo di primo piano coinvolgendo, come faremo a luglio, tutte le realt\u00e0 territoriali per iniziare a ragionare con il Ministero su una governance per il turismo e su un progetto di distretto dedicato\u201d.<br \/>\nDi \u201cuna fase cruciale per il settore\u201d ha parlato invece il presidente dell&#8217;Autorit\u00e0 Lorenzo Forcieri puntualizzando come si debba essere \u201cpronti ad accogliere ed anticipare i cambiamenti del mondo del turismo\u201d non solo nell&#8217;ambito crocieristico. \u201cOggi \u2013 ha affermato \u2013 dobbiamo laovrare per un domani nel quale Spezia pu\u00f2 essere centro di una grande piattaforma turistica: abbiamo fatto molto sottraendo il molo alle merci e dato alle crociere uno spazio importante e i risultati si stanno vedendo, ma c&#8217;\u00e8 bisogno di pi\u00f9 ormeggi e maggior qualit\u00e0 nell&#8217;accoglienza. Evitiamo polemiche e ripensamenti su decisioni gi\u00e0 assunte. Un nuovo distretto? Partiamo da quello che gi\u00e0 c&#8217;\u00e8 e valutiamo un&#8217;ampliamento della banchina per contribuire al cambio di mentalit\u00e0 di una citt\u00e0 che pu\u00f2 essere turistica\u201d.<br \/>\nQuindi sulla mostra: \u201cE&#8217; stata pensata per fare un salto in avanti rispetto alla promozione tradizionale, passando dai luoghi a qualcosa di ancora pi\u00f9 intimo come la cucina visto che i nostri piatti sono belli come i paesaggi. Ringrazio Oliviero Toscani \u2013 ha concluso \u2013 che ci ha aiutato a raccontare un territorio sempre pi\u00f9 appetibile a turisti attratti anche dal cibo e dall&#8217;enogastronomia\u201d.<br \/>\nCuriosit\u00e0 confermata dai tanti viaggiatori italiani e stranieri che anche durante l&#8217;inaugurazione si sono fermati ad ammirare o scoprire muscoli ripieni, acciughe fritte, farinata e tutti gli altri grandi protagonisti della mostra.<\/p>\n<div class=\"firmaArt\">BENEDETTO MARCHESE<\/div>\n<div class=\"dataArt\"><\/div>\n<div class=\"dataArt\">\n<div class=\"dataArt\">11.06.2016<\/div>\n<\/div>\n<div class=\"dataArt\">source: \u00a0<a href=\"http:\/\/www.cittadellaspezia.com\/mobile\/La-Spezia\/Cultura-e-Spettacolo\/Alla-Morin-Buon-appetito-con-le-foto-di-210206.aspx\">cittadellaspezia.com<\/a><\/div>\n<div class=\"dataArt\"><\/div>\n<div class=\"dataArt\"><\/div>\n","protected":false},"excerpt":{"rendered":"<p>Dopo la brochure dell&#8217;Autorit\u00e0 Portuale ecco gli scatti in passeggiata. Forcieri: &#8220;Passo in avanti in un momento cruciale per il turismo&#8221;. Erba: &#8220;Promozione di qualit\u00e0 per una citt\u00e0 che pu\u00f2 essere punto di riferimento&#8221;. &nbsp; La Spezia &#8211; Brindisi inaugurale<a class=\"more\" href=\"https:\/\/blog.olivierotoscanistudio.com\/?p=4887\">Leggi &rarr;<\/a><\/p>\n","protected":false},"author":3,"featured_media":0,"comment_status":"closed","ping_status":"closed","sticky":true,"template":"","format":"standard","meta":{"footnotes":""},"categories":[1],"tags":[],"aioseo_notices":[],"_links":{"self":[{"href":"https:\/\/blog.olivierotoscanistudio.com\/index.php?rest_route=\/wp\/v2\/posts\/4887"}],"collection":[{"href":"https:\/\/blog.olivierotoscanistudio.com\/index.php?rest_route=\/wp\/v2\/posts"}],"about":[{"href":"https:\/\/blog.olivierotoscanistudio.com\/index.php?rest_route=\/wp\/v2\/types\/post"}],"author":[{"embeddable":true,"href":"https:\/\/blog.olivierotoscanistudio.com\/index.php?rest_route=\/wp\/v2\/users\/3"}],"replies":[{"embeddable":true,"href":"https:\/\/blog.olivierotoscanistudio.com\/index.php?rest_route=%2Fwp%2Fv2%2Fcomments&post=4887"}],"version-history":[{"count":4,"href":"https:\/\/blog.olivierotoscanistudio.com\/index.php?rest_route=\/wp\/v2\/posts\/4887\/revisions"}],"predecessor-version":[{"id":4892,"href":"https:\/\/blog.olivierotoscanistudio.com\/index.php?rest_route=\/wp\/v2\/posts\/4887\/revisions\/4892"}],"wp:attachment":[{"href":"https:\/\/blog.olivierotoscanistudio.com\/index.php?rest_route=%2Fwp%2Fv2%2Fmedia&parent=4887"}],"wp:term":[{"taxonomy":"category","embeddable":true,"href":"https:\/\/blog.olivierotoscanistudio.com\/index.php?rest_route=%2Fwp%2Fv2%2Fcategories&post=4887"},{"taxonomy":"post_tag","embeddable":true,"href":"https:\/\/blog.olivierotoscanistudio.com\/index.php?rest_route=%2Fwp%2Fv2%2Ftags&post=4887"}],"curies":[{"name":"wp","href":"https:\/\/api.w.org\/{rel}","templated":true}]}}