{"id":4882,"date":"2016-06-13T09:00:11","date_gmt":"2016-06-13T08:00:11","guid":{"rendered":"http:\/\/blog.olivierotoscanistudio.com\/?p=4882"},"modified":"2016-06-13T09:03:27","modified_gmt":"2016-06-13T08:03:27","slug":"cassazione-dire-veneti-popolo-di-ubriaconi-non-e-un-insulto-assolto-toscani-repubblica-it-09-06-2016","status":"publish","type":"post","link":"https:\/\/blog.olivierotoscanistudio.com\/?p=4882","title":{"rendered":"Cassazione, dire &#8220;veneti popolo di ubriaconi non \u00e8 un insulto&#8221;. Assolto Toscani (repubblica.it \/ 09.06.2016)"},"content":{"rendered":"<p>Era stato denunciato da quattro residenti che si erano sentiti offesi dall&#8217;invettiva del fotografo nel corso di una trasmissione radiofonica. Ma, per la Suprema Corte, &#8220;quando non si fa riferimento a persone specifiche, parlare per luoghi comuni non \u00e8 diffamatorio&#8221;<\/p>\n<p>&nbsp;<\/p>\n<figure class=\"sidebar-img\"><img decoding=\"async\" src=\"https:\/\/www.repstatic.it\/content\/nazionale\/img\/2016\/06\/09\/184444999-24413357-c8ae-40e2-996e-18a3a110300f.jpg\" alt=\"Cassazione, dire &quot;veneti popolo di ubriaconi non \u00e8 un insulto&quot;. Assolto Toscani\" \/><figcaption>Il fotografo Oliviero Toscani\u00a0<\/figcaption><\/figure>\n<p>Confermata dalla Cassazione l&#8217;archiviazione della denuncia presentata da quattro abitanti del Veneto, &#8220;nativi&#8221; della regione, che si si erano offesi per aver sentito Oliviero Toscani &#8211; intervistato il due febbraio 2015 alla radio da &#8216;La Zanzara&#8217; &#8211; affermare che &#8220;i veneti sono un popolo di ubriaconi, alcolizzati atavici, i nonni, i padri, le madri: poveretti i veneti, non \u00e8 colpa loro se uno nasce in quel posto, \u00e8 un destino. Basta sentire l&#8217;accento veneto: \u00e8 da ubriachi, da alcolizzati, da &#8216;ombretta&#8217;, da vino&#8221;.<\/p>\n<section id=\"inline_141665318\" class=\"inline-video\">\n<h1 class=\"inline-video-title\">Oliviero Toscani: &#8220;Veneti ubriaconi&#8221;. La Cassazione lo assolve<\/h1>\n<div id=\"video-141665318\"><a href=\"http:\/\/www.repubblica.it\/cronaca\/2016\/06\/09\/news\/cassazione_lecito_dire_veneti_sono_un_popolo_di_ubriaconi_assolto_oliviero_toscani-141661253\/\"><img loading=\"lazy\" decoding=\"async\" src=\"http:\/\/www.repstatic.it\/video\/photo\/2016\/06\/09\/326543\/326543-thumb-full-toscani_sui_veneti.jpg\" alt=\"\" width=\"558\" height=\"314\" \/><\/a><\/div>\n<div class=\"gs-social-popup\">\n<div class=\"share-button gs-social-popup-trigger\" data-sharebuttons=\"{&quot;gsButtons&quot;:[{&quot;provider&quot;:&quot;email&quot;,&quot;iconImgUp&quot;:&quot;http:\/\/www.repstatic.it\/cless\/main\/nazionale\/2013-v1\/img\/common\/share\/email-small.png&quot;,&quot;iconOnly&quot;:&quot;true&quot;},{&quot;provider&quot;:&quot;twitter&quot;,&quot;iconImgOver&quot;:&quot;http:\/\/www.repstatic.it\/cless\/main\/nazionale\/2013-v1\/img\/detail\/share-quote\/tweet_hover@2x.png&quot;,&quot;iconImgUp&quot;:&quot;http:\/\/www.repstatic.it\/cless\/main\/nazionale\/2013-v1\/img\/detail\/share-quote\/tweet@2x.png&quot;,&quot;iconOnly&quot;:&quot;true&quot;}],&quot;gsOrderButtons&quot;:&quot;facebook-like,twitter-tweet,google-plusone,email&quot;,&quot;gsImage&quot;:&quot;http:\/\/flv.kataweb.it\/repubblicatv\/file\/2016\/06\/09\/326543\/326543-video-rrtv-650-toscani_sui_veneti.mp4&quot;,&quot;gsDescription&quot;:&quot;Guarda il video: Oliviero Toscani: \\&quot;Veneti ubriaconi\\&quot;. La Cassazione lo assolve&quot;,&quot;gsTitle&quot;:&quot;Cassazione, dire &amp;quot;veneti popolo di ubriaconi non &amp;egrave; un insulto&amp;quot;. Assolto Toscani&quot;,&quot;gsUrl&quot;:&quot;http:\/\/www.repubblica.it\/cronaca\/2016\/06\/09\/news\/cassazione_lecito_dire_veneti_sono_un_popolo_di_ubriaconi_assolto_oliviero_toscani-141661253\/#inline_141665318&quot;,&quot;containerID&quot;:&quot;share-141665318&quot;}\"><span class=\"share-label\"><span class=\"gs-share-count-text\">Condividi <\/span>\u00a0<\/span><\/div>\n<div id=\"share-141665318\" class=\"share-balloon gs-social-popup-balloon\"><\/div>\n<\/div>\n<\/section>\n<p>Ad avviso della Cassazione, &#8220;Toscani, nel definire i &#8216;veneti ubriaconi e alcolizzati&#8217; ha fatto affermazioni del tutto generiche, indubbiamente caratterizzate da preconcetti e luoghi comuni (con riferimento alle asserite caratteristiche di abitanti in una determinata zona del territorio nazionale) ma prive di specifica connessione con l&#8217;operato e la figura di soggetti determinati o determinabili&#8221;. N\u00e8, tantomeno, nelle parole di Toscani &#8211; per la Suprema Corte &#8211; \u00e8 ravvisabile l&#8217;incitazione all&#8217;odio etnico verso i veneti, come hanno sostenuto i quattro denuncianti invocando nei confronti del fotografo l&#8217;applicazione della legge &#8216;Mancino&#8217;, quella che si applica contro gli ultr\u00e0 del calcio, o i militanti pi\u00f9 accesi della destra xenofoba. In proposito, gli &#8216;ermellini&#8217; fanno presente che &#8220;la discriminazione per motivi razziali \u00e8 quella fondata sulle qualit\u00e0 personali del soggetto non, invece, sui suoi comportamenti&#8221;, come quello di alzare un p\u00f2 il gomito.<\/p>\n<p>&#8220;In ragione di ci\u00f2, \u00e8 del tutto evidente &#8211; rileva il verdetto 24065 della Quinta sezione penale &#8211; che nel caso in esame non possa configurarsi la suddetta previsione incriminatrice, giacch\u00e8 le affermazioni del Toscani non sono riconducibili nel concetto di odio razziale o etnico, n\u00e8 comunque possono considerarsi potenzialmente discriminatrici nei confronti di una determinata categoria di soggetti appartenenti ad una determinata razza, nazionalit\u00e0 o religione&#8221;.<\/p>\n<p>In conclusione, parlare per &#8216;luoghi comuni&#8217; non \u00e8 diffamatorio, almeno quando non si fa riferimento a persone specifiche, e meno che mai \u00e8 istigazione al razzismo. Cos\u00ec \u00e8 stato rigettato il ricorso di Giancarla C., Marco B., Luca M. e Riccardo G., i quattro veneti che si sono sentiti offesi e che senza successo hanno protestato contro il decreto di archiviazione della loro denuncia emesso dal gip di Verona il 20 luglio del 2015.<\/p>\n<p>&#8220;Si scusi con 5 milioni di veneti e per il futuro gli do un consiglio, un antico adagio veneziano: &#8220;Prima de parlar tasi!&#8221;. Cos\u00ec lo inchiod\u00f2 il governatore del Veneto Luca Zaia. E contro Toscani, che nel frattempo \u00e8 diventato anche produttore di vini, nacque anche l&#8217;hashtag:\u00a0#JeSuisImbriagon<br \/>\n09.06.2016<\/p>\n<p>source:\u00a0<a href=\"http:\/\/www.repubblica.it\/cronaca\/2016\/06\/09\/news\/cassazione_lecito_dire_veneti_sono_un_popolo_di_ubriaconi_assolto_oliviero_toscani-141661253\/\">repubblica.it<\/a><\/p>\n<p>&nbsp;<\/p>\n","protected":false},"excerpt":{"rendered":"<p>Era stato denunciato da quattro residenti che si erano sentiti offesi dall&#8217;invettiva del fotografo nel corso di una trasmissione radiofonica. Ma, per la Suprema Corte, &#8220;quando non si fa riferimento a persone specifiche, parlare per luoghi comuni non \u00e8 diffamatorio&#8221;<a class=\"more\" href=\"https:\/\/blog.olivierotoscanistudio.com\/?p=4882\">Leggi &rarr;<\/a><\/p>\n","protected":false},"author":3,"featured_media":0,"comment_status":"closed","ping_status":"closed","sticky":true,"template":"","format":"standard","meta":{"footnotes":""},"categories":[28],"tags":[],"aioseo_notices":[],"_links":{"self":[{"href":"https:\/\/blog.olivierotoscanistudio.com\/index.php?rest_route=\/wp\/v2\/posts\/4882"}],"collection":[{"href":"https:\/\/blog.olivierotoscanistudio.com\/index.php?rest_route=\/wp\/v2\/posts"}],"about":[{"href":"https:\/\/blog.olivierotoscanistudio.com\/index.php?rest_route=\/wp\/v2\/types\/post"}],"author":[{"embeddable":true,"href":"https:\/\/blog.olivierotoscanistudio.com\/index.php?rest_route=\/wp\/v2\/users\/3"}],"replies":[{"embeddable":true,"href":"https:\/\/blog.olivierotoscanistudio.com\/index.php?rest_route=%2Fwp%2Fv2%2Fcomments&post=4882"}],"version-history":[{"count":4,"href":"https:\/\/blog.olivierotoscanistudio.com\/index.php?rest_route=\/wp\/v2\/posts\/4882\/revisions"}],"predecessor-version":[{"id":4886,"href":"https:\/\/blog.olivierotoscanistudio.com\/index.php?rest_route=\/wp\/v2\/posts\/4882\/revisions\/4886"}],"wp:attachment":[{"href":"https:\/\/blog.olivierotoscanistudio.com\/index.php?rest_route=%2Fwp%2Fv2%2Fmedia&parent=4882"}],"wp:term":[{"taxonomy":"category","embeddable":true,"href":"https:\/\/blog.olivierotoscanistudio.com\/index.php?rest_route=%2Fwp%2Fv2%2Fcategories&post=4882"},{"taxonomy":"post_tag","embeddable":true,"href":"https:\/\/blog.olivierotoscanistudio.com\/index.php?rest_route=%2Fwp%2Fv2%2Ftags&post=4882"}],"curies":[{"name":"wp","href":"https:\/\/api.w.org\/{rel}","templated":true}]}}