{"id":4872,"date":"2016-06-06T11:41:50","date_gmt":"2016-06-06T10:41:50","guid":{"rendered":"http:\/\/blog.olivierotoscanistudio.com\/?p=4872"},"modified":"2016-06-06T11:44:43","modified_gmt":"2016-06-06T10:44:43","slug":"oliviero-toscani-una-storia-di-magnifici-fallimenti-espoarte-net-02-06-2016","status":"publish","type":"post","link":"https:\/\/blog.olivierotoscanistudio.com\/?p=4872","title":{"rendered":"OLIVIERO TOSCANI: UNA STORIA DI \u201cMAGNIFICI FALLIMENTI\u201d (espoarte.net \/ 02.06.2016)"},"content":{"rendered":"<div id=\"cb-featured-image\" class=\"cb-fis cb-fis-block-standard\">\n<div class=\"cb-entry-header cb-meta clearfix\">\n<h1 class=\"entry-title cb-entry-title cb-title\"><span style=\"color: #ffffff;\">\u00a0.<\/span><\/h1>\n<div class=\"cb-byline\"><span class=\"cb-author\"><a href=\"http:\/\/www.espoarte.net\/author\/matteogalbiati\/\">MATTEO GALBIATI<\/a><\/span><i class=\"fa fa-times\"><\/i><span class=\"cb-date\"><time class=\"updated\" datetime=\"2016-06-02\">2 GIUGNO 2016<\/time><\/span><\/div>\n<div class=\"cb-post-meta\"><span class=\"cb-category cb-element\"><a title=\"Vedi tutti gli articoli in FOTOGRAFIA\" href=\"http:\/\/www.espoarte.net\/category\/fotografia\/\">FOTOGRAFIA<\/a><\/span><span class=\"cb-category cb-element\"><a title=\"Vedi tutti gli articoli in NEWS IN EVIDENZA\" href=\"http:\/\/www.espoarte.net\/category\/in-evidenza\/\">NEWS IN EVIDENZA<\/a><\/span><\/div>\n<div class=\"cb-post-meta\"><span style=\"color: #ffffff;\">.<\/span><\/div>\n<\/div>\n<\/div>\n<section class=\"cb-entry-content clearfix\"><strong>Intervista a OLIVIERO TOSCANI di Matteo Galbiati<\/strong>Determinato e political un-correct, lettore irriverente e lucido del proprio tempo, a tal punto schietto da sembrare quasi antipatico, Oliviero Toscani \u00e8 diventato un\u2019icona del nostro tempo e del modo di usare in maniera poetica, pur impegnata, la fotografia. Le sue fotografie sono, infatti, diventate esempio dell\u2019impegno e della forza che l\u2019immagine sa e deve evocare: dirette e senza filtri, immediate e incisive, velocemente riconoscibili nel loro senso, incidono sul pensiero di chi guarda costringendolo ad analisi e approfondimenti che vanno oltre la fugacit\u00e0 dello spot.<\/section>\n<section class=\"cb-entry-content clearfix\"><\/section>\n<section class=\"cb-entry-content clearfix\"><a class=\"cb-lightbox\" href=\"http:\/\/www.espoarte.net\/wordpress\/wp-content\/uploads\/2016\/05\/ot_espoarte-_2.jpg\" rel=\"lightbox[4872]\"><img loading=\"lazy\" decoding=\"async\" class=\" wp-image-98562\" src=\"http:\/\/www.espoarte.net\/wordpress\/wp-content\/uploads\/2016\/05\/ot_espoarte-_2.jpg\" sizes=\"(max-width: 750px) 100vw, 750px\" srcset=\"http:\/\/www.espoarte.net\/wordpress\/wp-content\/uploads\/2016\/05\/ot_espoarte-_2-349x500.jpg 349w, http:\/\/www.espoarte.net\/wordpress\/wp-content\/uploads\/2016\/05\/ot_espoarte-_2.jpg 750w\" alt=\"Oliviero Toscani, &quot;Rolling Stones&quot;, Beth Ditto, 2009\" width=\"258\" height=\"370\" \/><\/a>In lui la fotografia torna a far vivere l\u2019esperienza e suscita emozioni vere e profonde, senza scadere nella retorica o nella circostanza, perch\u00e9 il suo linguaggio, spesso tagliente ed affilato, non ha bisogno di orpelli o sovrastrutture, ma si pronuncia nella sua piena verit\u00e0. La sua \u201cpoesia\u201d d\u2019autore ha rivoluzionato un linguaggio, un modo di fare comunicazione, ha rischiato, ha sfidato il sistema, ha smosso coscienze agendo sul sistema contemporaneo, sui suoi riti, manie, vizi e virt\u00f9, paure e debolezze, bisogni e necessit\u00e0. Questo atteggiamento ha reso la fotografia non un fine estetico, ma un potente mezzo di persuasione e mobilitazione cui non si resta immuni dal prendere \u2013 giusta o sbagliata, condivisa o avversata \u2013 una posizione netta.<br \/>\nAbbiamo intervistato Toscani tra un impegno e l\u2019altro, in un momento che lo vede partecipe di numerosi progetti che portano le sue visioni all\u2019attenzione e all\u2019ammirazione del pubblico di tutto il mondo.<\/p>\n<p><strong>Cos\u2019\u00e8 la creativit\u00e0 per un maestro dell\u2019immagine come lei?<br \/>\n<\/strong>\u00c8 una parola di cui non vorrei pi\u00f9 sentir parlare, oggi se ne abusa e non ha pi\u00f9 senso. Essere creativi \u00e8 la conseguenza di un lavoro, di un fare che poi trova merito nell\u2019apprezzamento degli altri. Sono loro che stabiliscono che l\u2019esito del tuo lavoro \u00e8 creativo.<\/p>\n<p><strong>Come si riconosce quella vera?<br \/>\n<\/strong>Non la si riconosce, per me \u00e8 una sola. Tutto il resto allude, \u00e8 una finta e appartiene alle mode e alle tenenze. Oggi il vero problema \u00e8 che questa si d\u00e0 per ovvia e scontata, un termine con cui riempirsi la bocca. Tutti si sentono, diventano e sono considerati creativi. Dica questo: Toscani odia la creativit\u00e0!<br \/>\nUn lavoro creativo \u00e8 semplicemente un lavoro ben fatto, tutti gli altri fanno cose di moda e di cattivo gusto. Oggi la creativit\u00e0 \u00e8 un puro conformismo, adatta a chi non sa come proporsi o non ha un lavoro ben definito, dai politici a certi artisti, dai modaioli allo star system. Neanche il Padreterno \u00e8 stato creativo! Parafraserei Carlo Campanini rivolto a Walter Chiari, il suo \u201cVieni avanti cretino!\u201d lo lo sostituirei con \u201cVieni avanti creativo!\u201d. \u00c8 la stessa cosa.<\/p>\n<p><a class=\"cb-lightbox\" href=\"http:\/\/www.espoarte.net\/wordpress\/wp-content\/uploads\/2016\/05\/Preservativi-3.jpg\" rel=\"lightbox[4872]\"><img loading=\"lazy\" decoding=\"async\" class=\" wp-image-98565\" src=\"http:\/\/www.espoarte.net\/wordpress\/wp-content\/uploads\/2016\/05\/Preservativi-3.jpg\" sizes=\"(max-width: 750px) 100vw, 750px\" srcset=\"http:\/\/www.espoarte.net\/wordpress\/wp-content\/uploads\/2016\/05\/Preservativi-3-420x249.jpg 420w, http:\/\/www.espoarte.net\/wordpress\/wp-content\/uploads\/2016\/05\/Preservativi-3.jpg 750w\" alt=\"Oliviero Toscani, United Colors of Benetton, 1991\" width=\"448\" height=\"266\" \/><\/a><\/p>\n<p><strong>Che ruolo ha il \u201ccreativo\u201d oggi? Cosa deve consegnare nelle sue \u201cvisioni\u201d?<\/strong><br \/>\nParlando oggi di fotografia, se non serve a niente o se non ha altro compito che asservire un fine puramente estetico, \u00e8 considerata artistica. Ho sempre creduto, invece, che la fotografia, fin dalle sue origini, fosse nata come mezzo di comunicazione di massa e, come tale, ha un ruolo e un compito precisi e determinanti. Il fotografo deve narrare, raccontare, dire qualcosa. Ha il dovere di farsi memoria storica dell\u2019umanit\u00e0, anche con fini socio-politici.<br \/>\nLa fotografia non \u00e8 nata per stare alle pareti di una galleria e, se ha solo scopi estetici, allora rester\u00e0 relegata nella mediocrit\u00e0.<\/p>\n<p><strong>Come ha osservato Toscani i cambiamenti della cultura visiva contemporanea e quale compiti spettano alla fotografia e all\u2019immagine artistica oggi? Cosa descrivono, come si impegnano?<br \/>\n<\/strong>Sono felicissimo che tutti facciano fotografia, \u00e8 l\u2019arte in assoluto pi\u00f9 semplice e facile rispetto all\u2019arte visiva, alla musica, alla poesia, alla letteratura. Basta che sia chiaro che resta un mezzo non un fine. Dobbiamo avere uno scopo, dobbiamo capire cosa vogliamo per raccontare e narrare. La verit\u00e0 \u00e8 che bisogna essere degli autori.<\/p>\n<p><strong>Siamo sommersi da migliaia di immagini che circolano facilmente attraverso internet o i social\u2026 Siamo consumatori avidi, istantanei e veloci. Forse, alla fine, diventiamo superficiali: abbiamo ancora la necessit\u00e0 di vedere \u201cimmagini forti\u201d?<br \/>\n<\/strong>Forti? Cosa significa? Noi dobbiamo cercare di guardare, ma non riusciamo a vedere; abbiamo bisogno di tutto e di niente. Bisogna riappropriarsi dell\u2019interesse e, se c\u2019\u00e8 provocazione, questa deve essere positiva. Se ci guardiamo attorno sono tutti artisti, ma ci sono davvero pochi autori e ancor meno poeti.<\/p>\n<p><strong>Che suggerimenti si sente di dare ai giovani artisti e fotografi per essere incisivi, per osare, per creare dubbi, smuovere mondi e certezze, per dare forza alle loro intuizioni?<br \/>\n<\/strong>Si devono arrangiare, si devono dar da fare da soli. Hanno l\u2019obbligo di impegnarsi a trovare qualcosa di nuovo. Sono io che aspetto che i giovani mi facciano vedere qualcosa. Sono loro che devono far emergere il nuovo e mostrarlo ai vecchi.<\/p>\n<p><a class=\"cb-lightbox\" href=\"http:\/\/www.espoarte.net\/wordpress\/wp-content\/uploads\/2016\/05\/ot_espoarte.jpg\" rel=\"lightbox[4872]\"><img loading=\"lazy\" decoding=\"async\" class=\" wp-image-98566\" src=\"http:\/\/www.espoarte.net\/wordpress\/wp-content\/uploads\/2016\/05\/ot_espoarte.jpg\" sizes=\"(max-width: 800px) 100vw, 800px\" srcset=\"http:\/\/www.espoarte.net\/wordpress\/wp-content\/uploads\/2016\/05\/ot_espoarte-400x300.jpg 400w, http:\/\/www.espoarte.net\/wordpress\/wp-content\/uploads\/2016\/05\/ot_espoarte-667x500.jpg 667w, http:\/\/www.espoarte.net\/wordpress\/wp-content\/uploads\/2016\/05\/ot_espoarte.jpg 800w\" alt=\"Oliviero Toscani, United Colors of Benetton, 1993\" width=\"437\" height=\"328\" \/><\/a><\/p>\n<p><strong>Quali grandi progetti l\u2019attendono?<\/strong><br \/>\nLavoro tutti i giorni, come sempre non mi fermo mai. Non so stare immobile e quotidianamente affronto un progetto nuovo. Faccio il fotografo, questo \u00e8 il mio lavoro e mi riempie la vita.<\/p>\n<p><strong>La sua monografia \u2013 edita da Electa \u2013 si intitola Pi\u00f9 di 50 anni di Magnifici fallimenti. Cos\u2019\u00e8 un \u201cmagnifico fallimento\u201d?<br \/>\n<\/strong>\u00c8 tutto quello che \u00e8 davvero speciale. Un magnifico fallimento nella storia ha portato grandi cose: Colombo che, convinto di andare in India, scopre l\u2019America \u00e8 un esempio eclatante di magnifico fallimento. Potremmo anche pensare a Che Guevara o a Cristo\u2026 Altri magnifici fallimenti!<\/p>\n<p><em>Intervista tratta da Espoarte #92.<\/em><\/p>\n<p><strong>Eventi in corso:<\/strong><\/p>\n<p><em><strong>Magnifici Fallimenti<\/strong><\/em><br \/>\n<strong>Sabrina Raffaghello Arte Contemporanea<\/strong><br \/>\n<strong>Via Gorani 7, Milano<\/strong><br \/>\n<strong>11 maggio \u2013 12 giugno 2016<\/strong><\/p>\n<p><strong>Info:<br \/>\n<a href=\"http:\/\/www.sabrinaraffaghello.com\/\" target=\"_blank\">www.sabrinaraffaghello.com<\/a><br \/>\n<a href=\"http:\/\/www.olivierotoscani.com\/\" target=\"_blank\">www.olivierotoscani.com<\/a><\/strong><\/p>\n<div class=\"tiled-gallery type-rectangular\" data-original-width=\"1200\" data-carousel-extra=\"null\">\n<div class=\"gallery-row\" data-original-width=\"1200\" data-original-height=\"422\">\n<div class=\"gallery-group images-1\" data-original-width=\"252\" data-original-height=\"422\">\n<div class=\"tiled-gallery-item tiled-gallery-item-small\"><a class=\"cb-lightbox\" title=\"Oliviero Toscani, Patti Smith, New York, 1973\" href=\"http:\/\/www.espoarte.net\/wordpress\/wp-content\/uploads\/2016\/05\/ot_espoarte-ps.jpg\" rel=\"tiledGallery\" rel=\"lightbox[4872]\"><img decoding=\"async\" title=\"Oliviero Toscani, Patti Smith, New York, 1973\" src=\"http:\/\/i2.wp.com\/www.espoarte.net\/wordpress\/wp-content\/uploads\/2016\/05\/ot_espoarte-ps.jpg?resize=248%2C418\" alt=\"Oliviero Toscani, Patti Smith, New York, 1973\" data-attachment-id=\"98567\" data-orig-file=\"http:\/\/www.espoarte.net\/wordpress\/wp-content\/uploads\/2016\/05\/ot_espoarte-ps.jpg\" data-orig-size=\"750,1264\" data-comments-opened=\"1\" data-image-meta=\"{&quot;aperture&quot;:&quot;0&quot;,&quot;credit&quot;:&quot;&quot;,&quot;camera&quot;:&quot;&quot;,&quot;caption&quot;:&quot;&quot;,&quot;created_timestamp&quot;:&quot;0&quot;,&quot;copyright&quot;:&quot;&quot;,&quot;focal_length&quot;:&quot;0&quot;,&quot;iso&quot;:&quot;0&quot;,&quot;shutter_speed&quot;:&quot;0&quot;,&quot;title&quot;:&quot;&quot;,&quot;orientation&quot;:&quot;1&quot;}\" data-image-title=\"Oliviero Toscani, Patti Smith, New York, 1973\" data-image-description=\"\" data-medium-file=\"http:\/\/www.espoarte.net\/wordpress\/wp-content\/uploads\/2016\/05\/ot_espoarte-ps-178x300.jpg\" data-large-file=\"http:\/\/www.espoarte.net\/wordpress\/wp-content\/uploads\/2016\/05\/ot_espoarte-ps-297x500.jpg\" data-original-width=\"248\" data-original-height=\"418\" data-recalc-dims=\"1\" \/><\/a><a class=\"cb-lightbox\" title=\"Oliviero Toscani, United Colors of Benetton, 1997\" href=\"http:\/\/www.espoarte.net\/wordpress\/wp-content\/uploads\/2016\/05\/H.I.V.-3.jpg\" rel=\"tiledGallery\" rel=\"lightbox[4872]\"><img loading=\"lazy\" decoding=\"async\" class=\"\" title=\"Oliviero Toscani, United Colors of Benetton, 1997\" src=\"http:\/\/i1.wp.com\/www.espoarte.net\/wordpress\/wp-content\/uploads\/2016\/05\/H.I.V.-3.jpg?resize=663%2C418\" alt=\"Oliviero Toscani, United Colors of Benetton, 1997\" width=\"506\" height=\"319\" data-attachment-id=\"98568\" data-orig-file=\"http:\/\/www.espoarte.net\/wordpress\/wp-content\/uploads\/2016\/05\/H.I.V.-3.jpg\" data-orig-size=\"750,473\" data-comments-opened=\"1\" data-image-meta=\"{&quot;aperture&quot;:&quot;0&quot;,&quot;credit&quot;:&quot;&quot;,&quot;camera&quot;:&quot;&quot;,&quot;caption&quot;:&quot;&quot;,&quot;created_timestamp&quot;:&quot;0&quot;,&quot;copyright&quot;:&quot;&quot;,&quot;focal_length&quot;:&quot;0&quot;,&quot;iso&quot;:&quot;0&quot;,&quot;shutter_speed&quot;:&quot;0&quot;,&quot;title&quot;:&quot;&quot;,&quot;orientation&quot;:&quot;1&quot;}\" data-image-title=\"Oliviero Toscani, United Colors of Benetton, 1997\" data-image-description=\"\" data-medium-file=\"http:\/\/www.espoarte.net\/wordpress\/wp-content\/uploads\/2016\/05\/H.I.V.-3-420x265.jpg\" data-large-file=\"http:\/\/www.espoarte.net\/wordpress\/wp-content\/uploads\/2016\/05\/H.I.V.-3-750x473.jpg\" data-original-width=\"663\" data-original-height=\"418\" data-recalc-dims=\"1\" \/><\/a><\/div>\n<\/div>\n<div class=\"gallery-group images-1\" data-original-width=\"281\" data-original-height=\"422\">\n<div class=\"tiled-gallery-item tiled-gallery-item-large\"><a class=\"cb-lightbox\" title=\"Oliviero Toscani, Man Ray, 1975\" href=\"http:\/\/www.espoarte.net\/wordpress\/wp-content\/uploads\/2016\/05\/W-7542.jpg\" rel=\"tiledGallery\" rel=\"lightbox[4872]\"><img decoding=\"async\" title=\"Oliviero Toscani, Man Ray, 1975\" src=\"http:\/\/i0.wp.com\/www.espoarte.net\/wordpress\/wp-content\/uploads\/2016\/05\/W-7542.jpg?resize=277%2C418\" alt=\"Oliviero Toscani, Man Ray, 1975\" data-attachment-id=\"98569\" data-orig-file=\"http:\/\/www.espoarte.net\/wordpress\/wp-content\/uploads\/2016\/05\/W-7542.jpg\" data-orig-size=\"750,1135\" data-comments-opened=\"1\" data-image-meta=\"{&quot;aperture&quot;:&quot;0&quot;,&quot;credit&quot;:&quot;&quot;,&quot;camera&quot;:&quot;&quot;,&quot;caption&quot;:&quot;Ft_ 60A&quot;,&quot;created_timestamp&quot;:&quot;0&quot;,&quot;copyright&quot;:&quot;&quot;,&quot;focal_length&quot;:&quot;0&quot;,&quot;iso&quot;:&quot;0&quot;,&quot;shutter_speed&quot;:&quot;0&quot;,&quot;title&quot;:&quot;Ft_ 60A&quot;,&quot;orientation&quot;:&quot;1&quot;}\" data-image-title=\"Oliviero Toscani, Man Ray, 1975\" data-image-description=\"\" data-medium-file=\"http:\/\/www.espoarte.net\/wordpress\/wp-content\/uploads\/2016\/05\/W-7542-198x300.jpg\" data-large-file=\"http:\/\/www.espoarte.net\/wordpress\/wp-content\/uploads\/2016\/05\/W-7542-330x500.jpg\" data-original-width=\"277\" data-original-height=\"418\" data-recalc-dims=\"1\" \/><\/a><a class=\"cb-lightbox\" title=\"Oliviero Toscani, &quot;Razza Umana&quot;, Progetto Razza Umana Israele, 2007\" href=\"http:\/\/www.espoarte.net\/wordpress\/wp-content\/uploads\/2016\/05\/israeliano-palestinese-HD-.jpg\" rel=\"tiledGallery\" rel=\"lightbox[4872]\"><img loading=\"lazy\" decoding=\"async\" class=\"\" title=\"Oliviero Toscani, &quot;Razza Umana&quot;, Progetto Razza Umana Israele, 2007\" src=\"http:\/\/i1.wp.com\/www.espoarte.net\/wordpress\/wp-content\/uploads\/2016\/05\/israeliano-palestinese-HD-.jpg?resize=490%2C341\" alt=\"Oliviero Toscani, &quot;Razza Umana&quot;, Progetto Razza Umana Israele, 2007\" width=\"467\" height=\"325\" data-attachment-id=\"98570\" data-orig-file=\"http:\/\/www.espoarte.net\/wordpress\/wp-content\/uploads\/2016\/05\/israeliano-palestinese-HD-.jpg\" data-orig-size=\"862,600\" data-comments-opened=\"1\" data-image-meta=\"{&quot;aperture&quot;:&quot;0&quot;,&quot;credit&quot;:&quot;&quot;,&quot;camera&quot;:&quot;&quot;,&quot;caption&quot;:&quot;&quot;,&quot;created_timestamp&quot;:&quot;0&quot;,&quot;copyright&quot;:&quot;&quot;,&quot;focal_length&quot;:&quot;0&quot;,&quot;iso&quot;:&quot;0&quot;,&quot;shutter_speed&quot;:&quot;0&quot;,&quot;title&quot;:&quot;&quot;,&quot;orientation&quot;:&quot;1&quot;}\" data-image-title=\"Oliviero Toscani, \u201cRazza Umana\u201d, Progetto Razza Umana Israele, 2007\" data-image-description=\"\" data-medium-file=\"http:\/\/www.espoarte.net\/wordpress\/wp-content\/uploads\/2016\/05\/israeliano-palestinese-HD--420x292.jpg\" data-large-file=\"http:\/\/www.espoarte.net\/wordpress\/wp-content\/uploads\/2016\/05\/israeliano-palestinese-HD--718x500.jpg\" data-original-width=\"490\" data-original-height=\"341\" data-recalc-dims=\"1\" \/><\/a><\/div>\n<\/div>\n<\/div>\n<div class=\"gallery-row\" data-original-width=\"1200\" data-original-height=\"1011\">\n<div class=\"gallery-group images-3\" data-original-width=\"494\" data-original-height=\"1011\">\n<div class=\"tiled-gallery-item tiled-gallery-item-large\"><a class=\"cb-lightbox\" title=\"Oliviero Toscani, United Colors of Benetton, 1993\" href=\"http:\/\/www.espoarte.net\/wordpress\/wp-content\/uploads\/2016\/05\/ot_espoarte.jpg\" rel=\"tiledGallery\" rel=\"lightbox[4872]\"><img loading=\"lazy\" decoding=\"async\" class=\"\" title=\"Oliviero Toscani, United Colors of Benetton, 1993\" src=\"http:\/\/i2.wp.com\/www.espoarte.net\/wordpress\/wp-content\/uploads\/2016\/05\/ot_espoarte.jpg?resize=490%2C367\" alt=\"Oliviero Toscani, United Colors of Benetton, 1993\" width=\"362\" height=\"271\" data-attachment-id=\"98566\" data-orig-file=\"http:\/\/www.espoarte.net\/wordpress\/wp-content\/uploads\/2016\/05\/ot_espoarte.jpg\" data-orig-size=\"800,600\" data-comments-opened=\"1\" data-image-meta=\"{&quot;aperture&quot;:&quot;0&quot;,&quot;credit&quot;:&quot;&quot;,&quot;camera&quot;:&quot;&quot;,&quot;caption&quot;:&quot;&quot;,&quot;created_timestamp&quot;:&quot;0&quot;,&quot;copyright&quot;:&quot;&quot;,&quot;focal_length&quot;:&quot;0&quot;,&quot;iso&quot;:&quot;0&quot;,&quot;shutter_speed&quot;:&quot;0&quot;,&quot;title&quot;:&quot;&quot;,&quot;orientation&quot;:&quot;1&quot;}\" data-image-title=\"Oliviero Toscani, United Colors of Benetton, 1993\" data-image-description=\"\" data-medium-file=\"http:\/\/www.espoarte.net\/wordpress\/wp-content\/uploads\/2016\/05\/ot_espoarte-400x300.jpg\" data-large-file=\"http:\/\/www.espoarte.net\/wordpress\/wp-content\/uploads\/2016\/05\/ot_espoarte-667x500.jpg\" data-original-width=\"490\" data-original-height=\"367\" data-recalc-dims=\"1\" \/><\/a><a class=\"cb-lightbox\" title=\"Oliviero Toscani, United Colors of Benetton, 1991\" href=\"http:\/\/www.espoarte.net\/wordpress\/wp-content\/uploads\/2016\/05\/%C2%A9olivierotoscani_lingue.jpg\" rel=\"tiledGallery\" rel=\"lightbox[4872]\"><img loading=\"lazy\" decoding=\"async\" class=\"\" title=\"Oliviero Toscani, United Colors of Benetton, 1991\" src=\"http:\/\/i0.wp.com\/www.espoarte.net\/wordpress\/wp-content\/uploads\/2016\/05\/%C2%A9olivierotoscani_lingue.jpg?resize=1196%2C775\" alt=\"Oliviero Toscani, United Colors of Benetton, 1991\" width=\"396\" height=\"256\" data-attachment-id=\"98560\" data-orig-file=\"http:\/\/www.espoarte.net\/wordpress\/wp-content\/uploads\/2016\/05\/\u00a9olivierotoscani_lingue.jpg\" data-orig-size=\"926,600\" data-comments-opened=\"1\" data-image-meta=\"{&quot;aperture&quot;:&quot;0&quot;,&quot;credit&quot;:&quot;&quot;,&quot;camera&quot;:&quot;&quot;,&quot;caption&quot;:&quot;&quot;,&quot;created_timestamp&quot;:&quot;0&quot;,&quot;copyright&quot;:&quot;&quot;,&quot;focal_length&quot;:&quot;0&quot;,&quot;iso&quot;:&quot;0&quot;,&quot;shutter_speed&quot;:&quot;0&quot;,&quot;title&quot;:&quot;&quot;,&quot;orientation&quot;:&quot;1&quot;}\" data-image-title=\"Oliviero Toscani, United Colors of Benetton, 1991\" data-image-description=\"\" data-medium-file=\"http:\/\/www.espoarte.net\/wordpress\/wp-content\/uploads\/2016\/05\/\u00a9olivierotoscani_lingue-420x272.jpg\" data-large-file=\"http:\/\/www.espoarte.net\/wordpress\/wp-content\/uploads\/2016\/05\/\u00a9olivierotoscani_lingue-750x486.jpg\" data-original-width=\"1196\" data-original-height=\"775\" data-recalc-dims=\"1\" \/><\/a><\/div>\n<\/div>\n<\/div>\n<div class=\"gallery-row\" data-original-width=\"1200\" data-original-height=\"779\">\n<div class=\"gallery-group images-1\" data-original-width=\"1200\" data-original-height=\"779\">\n<div class=\"tiled-gallery-item tiled-gallery-item-large\">\n<div class=\"tiled-gallery-caption\">Oliviero Toscani, United Colors of Benetton, 1991<\/div>\n<\/div>\n<\/div>\n<\/div>\n<\/div>\n<\/section>\n<div class=\"tiled-gallery-caption\"><\/div>\n<div class=\"tiled-gallery-caption\"><\/div>\n<div class=\"tiled-gallery-caption\"><\/div>\n<div class=\"tiled-gallery-caption\"><span style=\"color: #ffffff;\">.<\/span><\/div>\n<div class=\"tiled-gallery-caption\"><span style=\"color: #ffffff;\">.<\/span><\/div>\n<div class=\"tiled-gallery-caption\">02.06.2016<\/div>\n<div class=\"tiled-gallery-caption\">source:\u00a0<a href=\"http:\/\/www.espoarte.net\/fotografia\/oliviero-toscani-una-storia-di-magnifici-fallimenti\/\">espoarte.net<\/a><\/div>\n<div class=\"tiled-gallery-caption\"><\/div>\n","protected":false},"excerpt":{"rendered":"<p>\u00a0. MATTEO GALBIATI2 GIUGNO 2016 FOTOGRAFIANEWS IN EVIDENZA . Intervista a OLIVIERO TOSCANI di Matteo GalbiatiDeterminato e political un-correct, lettore irriverente e lucido del proprio tempo, a tal punto schietto da sembrare quasi antipatico, Oliviero Toscani \u00e8 diventato un\u2019icona del<a class=\"more\" href=\"https:\/\/blog.olivierotoscanistudio.com\/?p=4872\">Leggi &rarr;<\/a><\/p>\n","protected":false},"author":3,"featured_media":0,"comment_status":"closed","ping_status":"closed","sticky":true,"template":"","format":"standard","meta":{"footnotes":""},"categories":[31],"tags":[],"aioseo_notices":[],"_links":{"self":[{"href":"https:\/\/blog.olivierotoscanistudio.com\/index.php?rest_route=\/wp\/v2\/posts\/4872"}],"collection":[{"href":"https:\/\/blog.olivierotoscanistudio.com\/index.php?rest_route=\/wp\/v2\/posts"}],"about":[{"href":"https:\/\/blog.olivierotoscanistudio.com\/index.php?rest_route=\/wp\/v2\/types\/post"}],"author":[{"embeddable":true,"href":"https:\/\/blog.olivierotoscanistudio.com\/index.php?rest_route=\/wp\/v2\/users\/3"}],"replies":[{"embeddable":true,"href":"https:\/\/blog.olivierotoscanistudio.com\/index.php?rest_route=%2Fwp%2Fv2%2Fcomments&post=4872"}],"version-history":[{"count":9,"href":"https:\/\/blog.olivierotoscanistudio.com\/index.php?rest_route=\/wp\/v2\/posts\/4872\/revisions"}],"predecessor-version":[{"id":4881,"href":"https:\/\/blog.olivierotoscanistudio.com\/index.php?rest_route=\/wp\/v2\/posts\/4872\/revisions\/4881"}],"wp:attachment":[{"href":"https:\/\/blog.olivierotoscanistudio.com\/index.php?rest_route=%2Fwp%2Fv2%2Fmedia&parent=4872"}],"wp:term":[{"taxonomy":"category","embeddable":true,"href":"https:\/\/blog.olivierotoscanistudio.com\/index.php?rest_route=%2Fwp%2Fv2%2Fcategories&post=4872"},{"taxonomy":"post_tag","embeddable":true,"href":"https:\/\/blog.olivierotoscanistudio.com\/index.php?rest_route=%2Fwp%2Fv2%2Ftags&post=4872"}],"curies":[{"name":"wp","href":"https:\/\/api.w.org\/{rel}","templated":true}]}}