{"id":4706,"date":"2016-03-09T14:09:44","date_gmt":"2016-03-09T13:09:44","guid":{"rendered":"http:\/\/blog.olivierotoscanistudio.com\/?p=4706"},"modified":"2016-03-09T14:08:30","modified_gmt":"2016-03-09T13:08:30","slug":"noi-nel-braccio-della-morte-a-cardoso-la-mostra-di-oliviero-toscani-versiliatoday-it-05-02-2016","status":"publish","type":"post","link":"https:\/\/blog.olivierotoscanistudio.com\/?p=4706","title":{"rendered":"\u201cNoi, nel braccio della morte\u201d, a Cardoso la mostra di Oliviero Toscani ( versiliatoday.it \/ 05.02.2016)"},"content":{"rendered":"<div class=\"row\">\n<div class=\"column\">\n<figure><img loading=\"lazy\" decoding=\"async\" class=\"th wp-post-image alignleft\" src=\"http:\/\/www.versiliatoday.it\/wp-content\/uploads\/2016\/02\/IMG_6947.jpg\" sizes=\"(max-width: 1632px) 100vw, 1632px\" srcset=\"http:\/\/www.versiliatoday.it\/wp-content\/uploads\/2016\/02\/IMG_6947-300x225.jpg 300w, http:\/\/www.versiliatoday.it\/wp-content\/uploads\/2016\/02\/IMG_6947-768x576.jpg 768w, http:\/\/www.versiliatoday.it\/wp-content\/uploads\/2016\/02\/IMG_6947-1024x768.jpg 1024w, http:\/\/www.versiliatoday.it\/wp-content\/uploads\/2016\/02\/IMG_6947-600x450.jpg 600w, http:\/\/www.versiliatoday.it\/wp-content\/uploads\/2016\/02\/IMG_6947-120x90.jpg 120w, http:\/\/www.versiliatoday.it\/wp-content\/uploads\/2016\/02\/IMG_6947.jpg 1632w\" alt=\"mostra oliviero toscani\" width=\"375\" height=\"281\" \/><figcaption><\/figcaption><\/figure>\n<\/div>\n<\/div>\n<p class=\"byline \">STAZZEMA. Si inaugura domenica 7 febbraio alle ore 11,00 presso il Palazzo della Cultura di Stazzema in Cardoso la Mostra fotografica di Oliviero Toscani \u201cNoi, nel braccio della morte\u201d, realizzata dal fotografo nel novembre 1999 nel corso del viaggio durante il quale l\u2019associazione Nessuno Tocchi Caino ha visitato i prigionieri del braccio della morte nei penitenziari del Texas, dell\u00b4Illinois e della Florida al fine di raccontare la storia dei detenuti, le loro esperienze umane e legali per coinvolgere l\u00b4opinione pubblica. La mostra, con ingresso gratuito, rester\u00e0 aperta fino al 28 febbraio con orario gioved\u00ec, venerd\u00ec, sabato e domenica 16:30 -18:30. Il Comune di Stazzema, nell\u2019ambito delle celebrazioni per la Festa della Toscana, ha riproposto in collaborazione con la Presidenza del Consiglio della Regione Toscana questa importante mostra fotografica. Saranno presenti Oliviero Toscani, il Sindaco di Stazzema, Maurizio Verona, l\u2019Assessore alla Cultura del Comune di Stazzema Serena Vincenti. Il Comune di Stazzema ha voluto riproporre questa esposizione per non dimenticare che ancora oggi la pena di morte \u00e8 praticata in molti Paesi del Mondo. La mostra si compone di 72 grandi pannelli: accanto ai volti, talvolta in pannelli doppi, si affiancano le interviste e le storie dei 21 condannati a morte, per i quali le sentenze in alcuni casi sono state ormai eseguite, e alcune frasi tratte dalle interviste che ci raccontano la storia di questi uomini e una donna. Storie di sfibrante attesa e senza pi\u00f9 speranza. Resta solo la forza dell\u2019immagine che rompe il silenzio perch\u00e9 si parli ancora di questi uomini e donne. Il Granduca di Toscana Pietro Leopoldo abol\u00ec la pena di morte nel 1786. Fu il primo stato del mondo a prendere questo provvedimento, antesignano degli ideali propri della Rivoluzione Francese e precursore di accordi internazionali nei quali furono sanciti i diritti civili, come la Dichiarazione universale dei diritti dell\u2019uomo. Nel mondo ancora oggi sono 37 i Paesi che prevedono la pena di morte nel loro ordinamento giudiziario, altri si stanno incamminando verso l\u2019abolizione.<br \/>\n\u201cLa Toscana \u00e8 un luogo di grande evocazione artistica e culturale\u201d- dice il Sindaco di Stazzema, Maurizio Verona- \u201ced \u00e8 sempre stata prima anche sul tema dei diritti, della memoria che si fa impegno: e il tutto sembra inevitabilmente ricondurre a quel primato che la Toscana ha sempre costituito in tema di civilt\u00e0. Una tradizione che in ogni tempo la Toscana ha saputo rendere attuale; una memoria che continua e che si rivolge soprattutto verso le giovani generazioni. Stazzema \u00e8 un Comune di memoria e cultura, ed \u00e8 sede dal 2000 del Parco Nazionale della pace di Sant\u2019Anna di Stazzema per la sua storia segnata da immani tragedie come quella del 12 agosto 1944. Questa grande mostra rende omaggio alle vittime e segna un impegno per una moratoria internazionale contro la pena di morte. Ringraziamo il Consiglio Regionale della Toscana ed il Presidente Eugenio Giani per averci concesso la disponibilit\u00e0 di questi pannelli che ci aiutano a parlare di un tema di grande attualit\u00e0\u201d.<br \/>\n\u201cLa pena di morte \u00e8, ancora oggi, applicata in diversi stati del mondo\u201d- ricorda l\u2019Assessore alla Cultura del Comune di Stazzema, Serena Vincenti. \u201cIl 23 ottobre 2014 Papa Francesco nel suo discorso alla Delegazione dell\u2019Associazione Internazionale di Diritto Penale diceva che \u201c\u00c8 impossibile immaginare che oggi gli Stati non possano disporre di un altro mezzo che non sia la pena capitale per difendere dall\u2019aggressore ingiusto la vita di altre persone\u201d. Abbiamo bisogno di un nuovo Umanesimo, una riscoperta dell\u2019umanit\u00e0 anche di questi uomini che si sono macchiati di crimini a volte terribili e che nel braccio della morte attendono la fine dei loro giorni: uomini che vivono a tempo determinato con un timer che scandisce i loro ultimi mesi, giorni, ore e minuti di vita prima del momento della loro morte. Il Palazzo della Cultura con questa mostra diventa la Casa dei diritti, del diritto alla vita. Lo Stato non pu\u00f2 uccidere e deve contenere in se stesso l\u2019antidoto anche alle violenze pi\u00f9 grandi: per questo abbiamo bisogno di rivedere questi scatti, presi dal maestro Toscani, cos\u00ec non potremo pi\u00f9 dire che non sapevamo\u201d.<\/p>\n<p class=\"byline \"><span style=\"color: #ff0000;\"><strong>Video<\/strong><\/span>: \u00a0<a href=\"https:\/\/youtu.be\/O88qjzz1_IQ\">\u201cNoi, nel braccio della morte\u201d, a Cardoso la mostra di Oliviero Toscani ( versiliatoday.it \/ 05.02.2016)<\/a><\/p>\n<p>\u00a005.02.2016<\/p>\n<p>Source:\u00a0<a href=\"http:\/\/www.versiliatoday.it\/evento\/2016\/02\/05\/nel-braccio-della-morte-cardoso-la-mostra-oliviero-toscani\/\">versiliatoday.it<\/a><\/p>\n<p>di: <a class=\"fn\" href=\"http:\/\/www.versiliatoday.it\/author\/versiliatoday\/\" rel=\"author\">VersiliaToday Redazione <\/a>| <time datetime=\"2016-02-05T15:30:05+00:00\">Pubblicato il 05\/02\/2016 at 15:30.<\/time><\/p>\n","protected":false},"excerpt":{"rendered":"<p>STAZZEMA. Si inaugura domenica 7 febbraio alle ore 11,00 presso il Palazzo della Cultura di Stazzema in Cardoso la Mostra fotografica di Oliviero Toscani \u201cNoi, nel braccio della morte\u201d, realizzata dal fotografo nel novembre 1999 nel corso del viaggio durante<a class=\"more\" href=\"https:\/\/blog.olivierotoscanistudio.com\/?p=4706\">Leggi &rarr;<\/a><\/p>\n","protected":false},"author":3,"featured_media":0,"comment_status":"closed","ping_status":"closed","sticky":true,"template":"","format":"standard","meta":{"footnotes":""},"categories":[4],"tags":[],"aioseo_notices":[],"_links":{"self":[{"href":"https:\/\/blog.olivierotoscanistudio.com\/index.php?rest_route=\/wp\/v2\/posts\/4706"}],"collection":[{"href":"https:\/\/blog.olivierotoscanistudio.com\/index.php?rest_route=\/wp\/v2\/posts"}],"about":[{"href":"https:\/\/blog.olivierotoscanistudio.com\/index.php?rest_route=\/wp\/v2\/types\/post"}],"author":[{"embeddable":true,"href":"https:\/\/blog.olivierotoscanistudio.com\/index.php?rest_route=\/wp\/v2\/users\/3"}],"replies":[{"embeddable":true,"href":"https:\/\/blog.olivierotoscanistudio.com\/index.php?rest_route=%2Fwp%2Fv2%2Fcomments&post=4706"}],"version-history":[{"count":7,"href":"https:\/\/blog.olivierotoscanistudio.com\/index.php?rest_route=\/wp\/v2\/posts\/4706\/revisions"}],"predecessor-version":[{"id":4713,"href":"https:\/\/blog.olivierotoscanistudio.com\/index.php?rest_route=\/wp\/v2\/posts\/4706\/revisions\/4713"}],"wp:attachment":[{"href":"https:\/\/blog.olivierotoscanistudio.com\/index.php?rest_route=%2Fwp%2Fv2%2Fmedia&parent=4706"}],"wp:term":[{"taxonomy":"category","embeddable":true,"href":"https:\/\/blog.olivierotoscanistudio.com\/index.php?rest_route=%2Fwp%2Fv2%2Fcategories&post=4706"},{"taxonomy":"post_tag","embeddable":true,"href":"https:\/\/blog.olivierotoscanistudio.com\/index.php?rest_route=%2Fwp%2Fv2%2Ftags&post=4706"}],"curies":[{"name":"wp","href":"https:\/\/api.w.org\/{rel}","templated":true}]}}