{"id":4550,"date":"2016-01-31T02:50:21","date_gmt":"2016-01-31T01:50:21","guid":{"rendered":"http:\/\/blog.olivierotoscanistudio.com\/?p=4550"},"modified":"2016-01-31T02:50:21","modified_gmt":"2016-01-31T01:50:21","slug":"recensioni-in-un-libro-toscani-festeggia-i-suoi-primi-50-anni-abitare-it-29-01-2016","status":"publish","type":"post","link":"https:\/\/blog.olivierotoscanistudio.com\/?p=4550","title":{"rendered":"RECENSIONI: In un libro Toscani festeggia i suoi primi 50 anni (abitare.it \/ 29.01.2016)"},"content":{"rendered":"<div class=\"post_header_wrapper\">\n<h3 class=\"exc\">Nel volume \u201cPi\u00f9 di 50 anni di magnifici fallimenti\u201d il celebre fotografo si racconta attraverso i suoi scatti e i commenti di chi lo conosce di persona<\/h3>\n<p><a href=\"http:\/\/www.abitare.it\/it\/gallery\/ricerca\/recensioni\/in-libro-toscani-festeggia-i-suoi-primi-50-anni-gallery\/?ref=232993#gallery\"><img loading=\"lazy\" decoding=\"async\" class=\"alignleft size-medium wp-image-4551\" src=\"https:\/\/blog.olivierotoscanistudio.com\/wp-content\/uploads\/2016\/01\/00-Oliviero-Toscani-50-anni-magnifici-fallimenti-630x775-244x300.jpg\" alt=\"00-Oliviero-Toscani-50-anni-magnifici-fallimenti-630x775\" width=\"244\" height=\"300\" srcset=\"https:\/\/blog.olivierotoscanistudio.com\/wp-content\/uploads\/2016\/01\/00-Oliviero-Toscani-50-anni-magnifici-fallimenti-630x775-244x300.jpg 244w, https:\/\/blog.olivierotoscanistudio.com\/wp-content\/uploads\/2016\/01\/00-Oliviero-Toscani-50-anni-magnifici-fallimenti-630x775.jpg 630w\" sizes=\"(max-width: 244px) 100vw, 244px\" \/><\/a><\/p>\n<\/div>\n<div class=\"content\">\n<p>\u00abSai che ti dico? A me la bellezza non interessa\u00bb. Quale altro fotografo di moda, e non solo, potrebbe fare un\u2019affermazione del genere se non <strong>Oliviero Toscani<\/strong>? Doppiata la boa dei 50 anni di carriera, quello che Gian Antonio Stella chiama \u201cil bombarolo dell\u2019immagine\u201d si dedica un libro, \u201c<strong>Pi\u00f9 di 50 anni di magnifici fallimenti<\/strong>\u201d edito da Electa, dove le immagini dei suoi lavori si accompagnano ai commenti di amici e collaboratori e con l\u2019occasione esprime il suo personalissimo punto di vista sull\u2019arte del fotografare.<\/p>\n<p><em>\u00abLa fotografia \u00e8 come una penna: serve per scrivere, per raccontare storie. Non serve che sia bella e basta. La bellezza da sola \u00e8 inutile\u00bb.<\/em><\/p>\n<p>Autore di celeberrime campagne pubblicitarie provocatorie e sociali contro la pena di morte, l\u2019Aids e l\u2019anoressia, Toscani rivendica oltre le polemiche il valore della creativit\u00e0 che in quanto tale \u201cDisturba, mette paura. Non \u00e8 cosa banale\u201d. Nel suo esser comunicatore scomodo, ferocemente contrario al formalismo estetico fine a s\u00e9 stesso, il fotografo dimostra cos\u00ec di aver pienamente appreso la lezione del padre, primo fotoreporter del Corriere della Sera. \u00abFare foto significa trovare la notizia e raccontarla, contribuendo a creare la memoria storica dell\u2019umanit\u00e0. Una buona foto deve provocare interesse e se \u00e8 davvero molto buona arrivare anche a creare reazioni estremizzanti\u00bb, conclude l\u2019autore dello scatto della pubblicit\u00e0 dei jeans Jesus, che Pier Paolo Pasolini comment\u00f2 cos\u00ec: \u201cIl Ges\u00f9 dei jeans batte quello del Vaticano\u201d.<\/p>\n<\/div>\n<p><span style=\"color: #ff0000;\"><strong><a style=\"color: #ff0000;\" href=\"http:\/\/www.abitare.it\/it\/gallery\/ricerca\/recensioni\/in-libro-toscani-festeggia-i-suoi-primi-50-anni-gallery\/?ref=232993#gallery\">VAI \u00a0ALLA \u00a0GALLERY<\/a><\/strong><\/span><\/p>\n<p>&nbsp;<\/p>\n<p>&nbsp;<\/p>\n<p>29.01.2016<\/p>\n<p>Source:\u00a0<a href=\"http:\/\/www.abitare.it\/it\/ricerca\/recensioni\/2016\/01\/29\/in-libro-toscani-festeggia-i-suoi-primi-50-anni\/\">abitare.it<\/a><\/p>\n<p>&nbsp;<\/p>\n<p>&nbsp;<\/p>\n","protected":false},"excerpt":{"rendered":"<p>Nel volume \u201cPi\u00f9 di 50 anni di magnifici fallimenti\u201d il celebre fotografo si racconta attraverso i suoi scatti e i commenti di chi lo conosce di persona \u00abSai che ti dico? A me la bellezza non interessa\u00bb. Quale altro fotografo<a class=\"more\" href=\"https:\/\/blog.olivierotoscanistudio.com\/?p=4550\">Leggi &rarr;<\/a><\/p>\n","protected":false},"author":3,"featured_media":0,"comment_status":"closed","ping_status":"closed","sticky":true,"template":"","format":"standard","meta":{"footnotes":""},"categories":[28],"tags":[],"aioseo_notices":[],"_links":{"self":[{"href":"https:\/\/blog.olivierotoscanistudio.com\/index.php?rest_route=\/wp\/v2\/posts\/4550"}],"collection":[{"href":"https:\/\/blog.olivierotoscanistudio.com\/index.php?rest_route=\/wp\/v2\/posts"}],"about":[{"href":"https:\/\/blog.olivierotoscanistudio.com\/index.php?rest_route=\/wp\/v2\/types\/post"}],"author":[{"embeddable":true,"href":"https:\/\/blog.olivierotoscanistudio.com\/index.php?rest_route=\/wp\/v2\/users\/3"}],"replies":[{"embeddable":true,"href":"https:\/\/blog.olivierotoscanistudio.com\/index.php?rest_route=%2Fwp%2Fv2%2Fcomments&post=4550"}],"version-history":[{"count":5,"href":"https:\/\/blog.olivierotoscanistudio.com\/index.php?rest_route=\/wp\/v2\/posts\/4550\/revisions"}],"predecessor-version":[{"id":4556,"href":"https:\/\/blog.olivierotoscanistudio.com\/index.php?rest_route=\/wp\/v2\/posts\/4550\/revisions\/4556"}],"wp:attachment":[{"href":"https:\/\/blog.olivierotoscanistudio.com\/index.php?rest_route=%2Fwp%2Fv2%2Fmedia&parent=4550"}],"wp:term":[{"taxonomy":"category","embeddable":true,"href":"https:\/\/blog.olivierotoscanistudio.com\/index.php?rest_route=%2Fwp%2Fv2%2Fcategories&post=4550"},{"taxonomy":"post_tag","embeddable":true,"href":"https:\/\/blog.olivierotoscanistudio.com\/index.php?rest_route=%2Fwp%2Fv2%2Ftags&post=4550"}],"curies":[{"name":"wp","href":"https:\/\/api.w.org\/{rel}","templated":true}]}}