{"id":4513,"date":"2016-01-02T11:57:24","date_gmt":"2016-01-02T10:57:24","guid":{"rendered":"http:\/\/blog.olivierotoscanistudio.com\/?p=4513"},"modified":"2016-01-02T12:00:29","modified_gmt":"2016-01-02T11:00:29","slug":"le-dimanche-ideal-doliviero-toscani-lesechos-fr-18-12-2015","status":"publish","type":"post","link":"https:\/\/blog.olivierotoscanistudio.com\/?p=4513","title":{"rendered":"Le dimanche id\u00e9al d&#8217;Oliviero Toscani (lesechos.fr \/ 18.12.2015)"},"content":{"rendered":"<h4 class=\"chapeau-article\">Pour ses 50 ans de carri\u00e8re, l\u2019ex-photographe f\u00e9tiche de Benetton, publie \u00ab\u2009More Than 50 Years of Magnificent Failures\u2009\u00bb, qui retrace un demi-si\u00e8cle de campagnes provocantes. Il pr\u00e9pare une exposition de ses photos \u00e0 La Hune.<\/h4>\n<p>&nbsp;<\/p>\n<section id=\"gauche_article\" class=\"left\">\n<div class=\"contenu_article\">\n<h3 class=\"question\">LE DIMANCHE, POUR VOUS, C\u2019EST TOSCANE OU PARIS\u2009?<\/h3>\n<p>A vrai dire, pour moi, le dimanche est un jour comme les autres. Cela ne change rien. Je ne vais pas \u00e0 la messe. Certes, on est un peu plus d\u00e9tendu le dimanche et le smartphone sonne moins, mais je ne le vois pas comme un jour de repos. En r\u00e9alit\u00e9, je ne suis pas un homme d\u2019habitudes. En Toscane, je reste chez moi mais je travaille, car je m\u2019occupe de mes chevaux et de mes vignes. A Paris, je vis dans le XIV<sup>e<\/sup>\u00a0arrondissement, avenue Jean Moulin. J\u2019ai un atelier d\u2019artiste ici depuis cinquante ans. Paris est \u00ab\u2009ma\u2009\u00bb ville. Toutes les campagnes Benetton, je les ai faites ici. J\u2019ai l\u2019impression qu\u2019il y a plus de diversit\u00e9 ethnique ici qu\u2019\u00e0 New\u00a0York. C\u2019est la chance de Paris\u2009: cela g\u00e9n\u00e8re de l\u2019\u00e9nergie et du courage, des drames et des probl\u00e8mes.<\/p>\n<h3 class=\"question\">MARCH\u00c9 OU EXPO\u2009?<\/h3>\n<p>J\u2019aime aller sur l\u2019\u00eele de la Cit\u00e9 voir le march\u00e9 aux fleurs et aux oiseaux. Je suis un grand amateur de march\u00e9s et un collectionneur de couteaux \u00e0 cran d\u2019arr\u00eat, particuli\u00e8rement les Laguiole. Je ne cuisine pas, mais j\u2019aime la bonne ch\u00e8re. Pr\u00e9senter mon vin en France semble tr\u00e8s pr\u00e9somptueux, mais j\u2019aime l\u2019id\u00e9e. Je ne connais pas le concept de temps libre. Je viens \u00e0 Paris comme le paysan vient \u00e0 la capitale\u2009: pour travailler, pour produire.<\/p>\n<h3 class=\"question\">VOTRE VILLE ITALIENNE PR\u00c9F\u00c9R\u00c9E\u2009?<\/h3>\n<p>Entre Rome et Milan, je choisis sans h\u00e9siter la deuxi\u00e8me. Je suis un Milanais pur-sang, mais je n\u2019y ai plus de maison. C\u2019est une ville tr\u00e8s int\u00e9ressante, si l\u2019on oublie la Ligue du Nord et la politique. Silvio Berlusconi a un peu ruin\u00e9 l\u2019atmosph\u00e8re en termes de sens moral et de modernit\u00e9. Il nous a fait perdre beaucoup de temps. Cela dit, il a \u00e9t\u00e9 le dernier vrai entrepreneur italien. C\u2019est aussi \u00e0 cause de la gauche italienne qu\u2019il est devenu si conservateur.<\/p>\n<h3 class=\"question\">VOUS ALLEZ VOIR LE DERNIER FILM DE NANNI MORETTI \u00c0 PARIS\u2009?<\/h3>\n<p>Je ne vais plus au cin\u00e9ma depuis des ann\u00e9es. C\u2019est toujours la m\u00eame histoire. Le th\u00e9\u00e2tre m\u2019int\u00e9resserait plus si cela ne m\u2019ennuyait pas un peu aussi. La derni\u00e8re fois que j\u2019y suis all\u00e9, c\u2019\u00e9tait au Piccolo Teatro de Milan pour un spectacle sur Galil\u00e9e, il y a deux ans. En fait, le dimanche, je d\u00e9vore surtout les quotidiens. Je lis le <em>Financial Times<\/em>,<em>Le Monde<\/em>, qui me semble souvent pr\u00e9somptueux, mais aussi les journaux de droite pour voir si j\u2019ai vraiment raison (d\u2019\u00eatre radical, NDLR). Je suis un vrai papivore. Mon r\u00eave serait de prendre la direction du <em>Corriere della Sera<\/em>, o\u00f9 mon p\u00e8re fut le premier photoreporter. Je pense que la presse \u00e9crite ne dispara\u00eetra jamais gr\u00e2ce \u00e0 la sensualit\u00e9 du papier.<\/p>\n<h3 class=\"question\">POURQUOI VOTRE LIVRE S\u2019INTITULE-T-IL, EN ANGLAIS, \u00ab\u2009PLUS DE 50 ANS DE MAGNIFIQUES \u00c9CHECS\u2009\u00bb\u2009?<\/h3>\n<p>Les grandes choses sont souvent des \u00e9checs\u2009: le communisme, Che Guevara, James Dean, Mozart, Goya\u2026 Quand on regarde en arri\u00e8re, on se rend compte qu\u2019on aurait pu faire mieux. En mars 2016, je d\u00e9marre \u00e0 Paris un projet sur les photos de couples. Je veux d\u00e9montrer qu\u2019on peut faire l\u2019impossible en photographie\u2009: r\u00e9unir des ennemis et former des \u00ab\u2009couples extr\u00eames\u2009\u00bb. Je voudrais \u00ab\u2009marier\u2009\u00bb par exemple Daniel Cohn-Bendit avec Marine Le Pen. Lui le ferait sans doute car il est intelligent, elle, je ne sais pas. Nous publierons ces photos de couples dans <em>Paris Match<\/em> et <em>Elle<\/em>. Au Guatemala, j\u2019ai fait 300 portraits pour rapprocher des tribus mayas antagonistes.<\/p>\n<p class=\"lastp\"><small>\u00ab\u2009Plus de 50 ans de provocation\u2009\u00bb (traduction fran\u00e7aise), d\u2019Oliviero Toscani, Editions Marabout. Exposition du 24 janvier au 1er avril \u00e0 la librairie-galerie La Hune avec YellowKorner, 16 rue de l\u2019Abbaye, Paris VIe.<\/small><\/p>\n<\/div>\n<\/section>\n<p>Source: <a href=\"http:\/\/www.lesechos.fr\/week-end\/culture\/le-guide-du-weekend\/021565160404-oliviero-toscani-1185922.php#\">\u00a0lesechos.fr<\/a><\/p>\n<p>02.01.2016<\/p>\n<p>&nbsp;<\/p>\n","protected":false},"excerpt":{"rendered":"<p>Pour ses 50 ans de carri\u00e8re, l\u2019ex-photographe f\u00e9tiche de Benetton, publie \u00ab\u2009More Than 50 Years of Magnificent Failures\u2009\u00bb, qui retrace un demi-si\u00e8cle de campagnes provocantes. Il pr\u00e9pare une exposition de ses photos \u00e0 La Hune. &nbsp; LE DIMANCHE, POUR VOUS,<a class=\"more\" href=\"https:\/\/blog.olivierotoscanistudio.com\/?p=4513\">Leggi &rarr;<\/a><\/p>\n","protected":false},"author":3,"featured_media":0,"comment_status":"open","ping_status":"closed","sticky":true,"template":"","format":"standard","meta":{"footnotes":""},"categories":[792],"tags":[],"aioseo_notices":[],"_links":{"self":[{"href":"https:\/\/blog.olivierotoscanistudio.com\/index.php?rest_route=\/wp\/v2\/posts\/4513"}],"collection":[{"href":"https:\/\/blog.olivierotoscanistudio.com\/index.php?rest_route=\/wp\/v2\/posts"}],"about":[{"href":"https:\/\/blog.olivierotoscanistudio.com\/index.php?rest_route=\/wp\/v2\/types\/post"}],"author":[{"embeddable":true,"href":"https:\/\/blog.olivierotoscanistudio.com\/index.php?rest_route=\/wp\/v2\/users\/3"}],"replies":[{"embeddable":true,"href":"https:\/\/blog.olivierotoscanistudio.com\/index.php?rest_route=%2Fwp%2Fv2%2Fcomments&post=4513"}],"version-history":[{"count":3,"href":"https:\/\/blog.olivierotoscanistudio.com\/index.php?rest_route=\/wp\/v2\/posts\/4513\/revisions"}],"predecessor-version":[{"id":4516,"href":"https:\/\/blog.olivierotoscanistudio.com\/index.php?rest_route=\/wp\/v2\/posts\/4513\/revisions\/4516"}],"wp:attachment":[{"href":"https:\/\/blog.olivierotoscanistudio.com\/index.php?rest_route=%2Fwp%2Fv2%2Fmedia&parent=4513"}],"wp:term":[{"taxonomy":"category","embeddable":true,"href":"https:\/\/blog.olivierotoscanistudio.com\/index.php?rest_route=%2Fwp%2Fv2%2Fcategories&post=4513"},{"taxonomy":"post_tag","embeddable":true,"href":"https:\/\/blog.olivierotoscanistudio.com\/index.php?rest_route=%2Fwp%2Fv2%2Ftags&post=4513"}],"curies":[{"name":"wp","href":"https:\/\/api.w.org\/{rel}","templated":true}]}}