{"id":4466,"date":"2015-11-24T10:36:35","date_gmt":"2015-11-24T09:36:35","guid":{"rendered":"http:\/\/blog.olivierotoscanistudio.com\/?p=4466"},"modified":"2015-11-24T10:36:35","modified_gmt":"2015-11-24T09:36:35","slug":"oliviero-toscani-pour-etre-bon-il-faut-etre-engage-interview-in-french-magazineantidote-com-24-11-2015","status":"publish","type":"post","link":"https:\/\/blog.olivierotoscanistudio.com\/?p=4466","title":{"rendered":"OLIVIERO TOSCANI : \u00ab\u00a0POUR \u00caTRE BON IL FAUT \u00caTRE ENGAG\u00c9\u00a0\u00bb ( interview in French \/magazineantidote.com \/ 24.11.2015)"},"content":{"rendered":"<div id=\"post-media\" class=\"clr\"><img loading=\"lazy\" decoding=\"async\" class=\"\" src=\"http:\/\/magazineantidote.com\/wp-content\/uploads\/2015\/11\/6.jpg\" alt=\" 6\" width=\"531\" height=\"354\" \/><\/div>\n<div class=\"post-tags clr\"><\/div>\n<div class=\"entry clr\">\n<div class=\"wpex-vc-row-wrap clr\">\n<div class=\"vc_row wpb_row clr vc_row-fluid\">\n<div class=\"wpex-vc-columns-wrap clr\">\n<div class=\"wpb_column vc_column_container vc_col-sm-12\">\n<div class=\"wpb_wrapper wpex-vc-column-wrapper wpex-clr \">\n<div class=\"wpb_text_column wpb_content_element  chapo\">\n<div class=\"wpb_wrapper\">\n<p>Impossible de se rem\u00e9morer les ann\u00e9es 90 sans faire allusion aux campagnes Benetton, photos choc o\u00f9 le v\u00eatement n\u2019apparaissait pas et o\u00f9 pour la premi\u00e8re fois, une marque s\u2019effa\u00e7ait enti\u00e8rement derri\u00e8re un message politique. Ce message, c\u2019\u00e9tait celui d\u2019Oliviero Toscani, photographe italien n\u00e9 dans les ann\u00e9es 40, et qui a chang\u00e9 \u00e0 tout jamais la photo de presse. Provocateur, impertinent, agitateur intranquille, l\u2019homme a us\u00e9 de tous les ressorts en son pouvoir pour apposer sur pellicule des fl\u00e9aux de l\u2019\u00e9poque (homophobie, racisme, conflits, famine, anorexie, SIDA) mais aussi montrer la diversit\u00e9 dans ce qu\u2019elle a de plus joyeux, via notamment ses photos qui auguraient la d\u00e9cennie black blanc beur \u00e0 venir. Oliviero Toscani est un homme qui habite pleinement sa vie mais surtout c\u2019est un homme en guerre et il ne s\u2019arr\u00eatera pas. Ses projets sont ces temps-ci plus apais\u00e9s (l\u2019\u00e9poque veut sans doute \u00e7a), mais on sent qu\u2019il est pr\u00eat \u00e0 enfourcher \u00e0 tout moment son cheval pour une nouvelle bataille. Nous l\u2019avons rencontr\u00e9 \u00e0 la librairie La Hune \u00e0 Paris, la veille des fusillades. Il venait pr\u00e9senter son livre <em>Oliviero Toscani, plus de 50 ans de provocation <\/em>qui recense une grande partie de ses photos et donne un compte rendu presque exhaustif de son champ d\u2019action des ann\u00e9es 60 \u00e0 nos jours. Il avait aussi emmen\u00e9 quelques bouteilles de son vin, produit\u00a0 dans sa ferme de Toscane. Enfin, il venait aussi poser les bases de son futur projet parisien, qui consistera \u00e0 shooter des anonymes et des c\u00e9l\u00e9brit\u00e9s autour du th\u00e8me du mariage, et dont le casting se fera d\u00e8s d\u00e9cembre sur les sites de La Hune et de YellowKorner. Interviewer Oliviero Toscani, c\u2019est comme \u00eatre accroch\u00e9 \u00e0 une paroi rocheuse, les pieds mille m\u00e8tres dans le vide. Le photographe plante ses yeux dans les v\u00f4tres et son regard vous cramponne, rendant impossible tout louvoiement de journaliste. De lui, son ami Philippe Starck \u00e9crit \u00ab\u00a0Oliviero Toscani r\u00eave d\u2019\u00eatre un cheval. Il n\u2019est pas un cheval, c\u2019est un centaure, un ogre, un cyclope avec un oeil mais le meilleur. Oliviero Toscani aimerait \u00eatre sa Toscane, mais il est le V\u00e9suve, le Kilimandjaro, les geysers d\u2019Islande.\u00a0\u00bb Bizarrement, on comprend exactement ce qu\u2019il veut dire. <em>Par Laurence V\u00e9ly.<\/em><\/p>\n<\/div>\n<\/div>\n<div class=\"vc_empty_space\"><\/div>\n<div class=\"wpb_text_column wpb_content_element \">\n<div class=\"wpb_wrapper\">\n<p><strong>Quelle est votre exp\u00e9rience de photographe la plus marquante ?<\/strong><b><br \/>\n<\/b>Regardez mon livre. Ici, une photo de mode, et ici une image d\u2019un enfant en Somalie pendant la famine. C\u2019est \u00e7a ma vie de photographe. Je ne suis pas un photographe de presse, de pub ou de reportages, je suis un photographe. Et j\u2019ai la chance d\u2019avoir des m\u00e9dias qui publient ce que je fais.<\/p>\n<p><strong>L\u2019engagement, la provocation sont votre fond de commerce. \u00cates-vous toujours engag\u00e9 ?<br \/>\n<\/strong>Bien s\u00fbr ! Pour \u00eatre bon, il faut \u00eatre engag\u00e9 ! M\u00eame les cordonniers doivent \u00eatre engag\u00e9s pour bien faire leur travail. Moi je suis engag\u00e9 dans mon travail comme dans ma vie. \u00a0Tout ce que je fais, je le fais dans des termes qui me semblent justes. Je n\u2019ai pas honte de dire que je suis privil\u00e9gi\u00e9 et chanceux de pouvoir faire \u00e7a.<\/p>\n<p><strong>Quel est votre travail alors ?<br \/>\n<\/strong>Mon travail, c\u2019est d\u2019\u00eatre un t\u00e9moin de mon temps \u00e0 travers la photographie. Je ne fais pas \u00e7a pour le plaisir, j\u2019utilise la photo comme moyen de communication, tout comme un \u00e9crivain utilise son ordinateur ou son crayon. Aujourd\u2019hui tout le monde est photographe\u2026 mais mais tout le monde sait \u00e9crire aussi et pourtant il y a peu d\u2019\u00e9crivains. Le talent fait la diff\u00e9rence.<\/p>\n<p><strong>Le c\u0153ur de votre m\u00e9tier c\u2019est e communiquer, de faire passer des messages ?<br \/>\n<\/strong>Oui mais des messages en lesquels je crois.<\/p>\n<p><strong>Est-il plus difficile de faire passer des messages forts maintenant ?<br \/>\n<\/strong>Heureusement on a progress\u00e9, mais reste encore beaucoup \u00e0 faire, le monde n\u2019est toujours pas civilis\u00e9 ! Regardez tous les probl\u00e8mes d\u2019immigration, de racisme\u2026 Vous, les femmes n\u2019\u00eates toujours les \u00e9gales des hommes, c\u2019est un d\u00e9sastre, on est encore au Moyen-\u00e2ge \u00e0 ce niveau l\u00e0. Et vous pensez que c\u2019est facile d\u2019\u00eatre Noir ou Arabe en France ?<\/p>\n<p><strong>La diversit\u00e9 est toujours au c\u0153ur de votre d\u00e9marche ?<br \/>\n<\/strong>Plus que jamais. On est tous diff\u00e9rents, aussi bien au niveau culturel, intellectuel que physique et morphologique et il faut l\u2019accepter. Mais il faut aussi que les opportunit\u00e9s soient les m\u00eames pour tout le monde.<\/p>\n<\/div>\n<\/div>\n<\/div>\n<\/div>\n<\/div>\n<\/div>\n<\/div>\n<div class=\"wpex-vc-row-wrap clr\">\n<div class=\"vc_row wpb_row clr vc_row-fluid\">\n<div class=\"wpex-vc-columns-wrap clr\">\n<div class=\"wpb_column vc_column_container vc_col-sm-12\">\n<div class=\"wpb_wrapper wpex-vc-column-wrapper wpex-clr \">\n<div class=\"vc_empty_space\"><\/div>\n<div class=\"wpb_single_image wpb_content_element vc_align_\">\n<div class=\"wpb_wrapper\">\n<div class=\"vc_single_image-wrapper   vc_box_border_grey\"><img loading=\"lazy\" decoding=\"async\" class=\"vc_single_image-img attachment-full\" src=\"http:\/\/magazineantidote.com\/wp-content\/uploads\/2015\/11\/TOSCANI.jpg\" alt=\"TOSCANI\" width=\"458\" height=\"305\" \/><\/div>\n<\/div>\n<\/div>\n<div class=\"vc_empty_space\"><\/div>\n<\/div>\n<\/div>\n<\/div>\n<\/div>\n<\/div>\n<div class=\"wpex-vc-row-wrap clr\">\n<div class=\"vc_row wpb_row clr vc_row-fluid\">\n<div class=\"wpex-vc-columns-wrap clr\">\n<div class=\"wpb_column vc_column_container vc_col-sm-12\">\n<div class=\"wpb_wrapper wpex-vc-column-wrapper wpex-clr \">\n<div class=\"wpb_text_column wpb_content_element \">\n<div class=\"wpb_wrapper\">\n<p><strong>Vous avez cet \u00e9t\u00e9 expos\u00e9 \u00e0 Paris une campagne intitul\u00e9e \u00ab Anti-clich\u00e9s \u00bb. Le casting \u00e9tait compos\u00e9 de quinze femmes ordinaires\u2026<br \/>\n<\/strong>C\u2019\u00e9tait des filles qui ne pourraient jamais \u00eatre mannequins mais qui \u00e9taient de parfaits mod\u00e8les !<\/p>\n<p><strong>Les photos \u00e9taient accompagn\u00e9es de messages du type \u201cje me sens mieux \u00e0 40ans qu\u2019\u00e0 20ans\u201d, \u201cje suis ronde et je me sens belle\u201d\u2026 La f\u00e9minit\u00e9 est un th\u00e8me qui vous tient \u00e0 c\u0153ur ?<br \/>\n<\/strong>Je trouve qu\u2019on est obs\u00e9d\u00e9s par le para\u00eetre. C\u2019est un d\u00e9sastre, et on gaspille beaucoup de bonheur \u00e0 cause de \u00e7a. Surtout les femmes, qui perdent un temps fou \u00e0 se soucier de leur image. C\u2019est un malheur, une maladie, un cancer social ! Les magazines de mode ont mis en place le plus grand syst\u00e8me de racisme au monde. Une jeune fille de 15 ans qui regarde des magazines a l\u2019impression d\u2019\u00eatre mal foutue, d\u2019avoir les plus petites jambes du monde, du ventre\u2026<\/p>\n<p><strong>Vous contribuez \u00e0 cela pourtant, puisque vous travaillez pour la presse f\u00e9minine depuis les ann\u00e9es 60.<\/strong> <b><br \/>\n<\/b>Ce n\u2019est pas partout pareil, mais quand je vois certaines photos de mode, je me dis \u201cbande d\u2019idiotes, elles se compliquent la vie !\u201d<\/p>\n<p><strong>Les hommes ont aussi leur part de responsabilit\u00e9 .<\/strong><b><br \/>\n<\/b>Bien s\u00fbr, mais les hommes sont \u00e9duqu\u00e9s par des femmes. Et dans les magazines, ont joue toujours sur les m\u00eames ressorts : des hauts talons, des seins en avant\u2026 Les femmes dans les journaux ne sont pas sexy, elles ressemblent \u00e0 des travestis.<\/p>\n<p><strong>C\u2019est quoi pour vous une femme sexy ?<br \/>\n<\/strong>Une femme qui n\u2019a pas besoin d\u2019artifices, qui te s\u00e9duit parce qu\u2019elle est unique.<\/p>\n<p><strong>Vous conseillez plut\u00f4t de mettre en avant sa singularit\u00e9 ?<br \/>\n<\/strong>Oui, mais on a peur d\u2019\u00eatre ce que l\u2019on est, donc on se travestit. Regardez les femmes qui font appel a la chirurgie esth\u00e9tique, elles se ressemblent toutes, on dirait des poup\u00e9es !<\/p>\n<p><strong>Mais vous travaillez aussi avec des mannequins, qui ne sont pas des femmes normales.<br \/>\n<\/strong>Oui, c\u2019est m\u00eame moi qui ai ramen\u00e9 Monica Bellucci en France pour faire la couverture de Elle. C\u2019\u00e9tait une fille ronde, assez mauvais mannequin (rires), avec une personnalit\u00e9 singuli\u00e8re et forte. Mais elle n\u2019avait pas de probl\u00e8me \u00e0 \u00eatre elle-m\u00eame.<\/p>\n<\/div>\n<\/div>\n<\/div>\n<\/div>\n<\/div>\n<\/div>\n<\/div>\n<div class=\"wpex-vc-row-wrap clr\">\n<div class=\"vc_row wpb_row clr vc_row-fluid\">\n<div class=\"wpex-vc-columns-wrap clr\">\n<div class=\"wpb_column vc_column_container vc_col-sm-12\">\n<div class=\"wpb_wrapper wpex-vc-column-wrapper wpex-clr \">\n<div class=\"wpb_single_image wpb_content_element vc_align_\">\n<div class=\"wpb_wrapper\">\n<div class=\"vc_single_image-wrapper   vc_box_border_grey\"><img loading=\"lazy\" decoding=\"async\" class=\"vc_single_image-img attachment-full\" src=\"http:\/\/magazineantidote.com\/wp-content\/uploads\/2015\/11\/TOSCANI2.jpg\" alt=\"TOSCANI2\" width=\"693\" height=\"462\" \/><\/div>\n<\/div>\n<\/div>\n<\/div>\n<\/div>\n<\/div>\n<\/div>\n<\/div>\n<div class=\"wpex-vc-row-wrap clr\">\n<div class=\"vc_row wpb_row clr vc_row-fluid\">\n<div class=\"wpex-vc-columns-wrap clr\">\n<div class=\"wpb_column vc_column_container vc_col-sm-12\">\n<div class=\"wpb_wrapper wpex-vc-column-wrapper wpex-clr \">\n<div class=\"wpb_text_column wpb_content_element \">\n<div class=\"wpb_wrapper\">\n<p><strong>Vous trouvez que l\u2019industrie de la mode a chang\u00e9 ?<br \/>\n<\/strong>Bien s\u00fbr, aujourd\u2019hui il y a davantage de business ! La mode est entre les mains des grands groupes, on recherche moins dans les nouveaux talents. Les journaux ne survivent parce que ces grands groupes ach\u00e8tent des pages de pub, et les journalistes ne peuvent \u00e9videmment pas mal parler de ces gens qui les payent. Ce n\u2019est donc plus du journalisme.<\/p>\n<p><strong>Les marques acceptent-elles encore de faire passer vos messages provocateurs ?<br \/>\n<\/strong>Ce n\u2019est pas la question de la marque, mais de l\u2019individu qui la g\u00e8re et qui veut \u00eatre un peu diff\u00e9rent, en allant plus loin que son produit. Ce n\u2019est pas si simple parce que les gens ont peur, faire de la pub co\u00fbte cher et les risques sont aujourd\u2019hui per\u00e7us comme n\u00e9gatifs. Du coup on fait ce que les gens du marketing nous disent de faire.<\/p>\n<p><strong>Avec l\u2019arriv\u00e9e d\u2019Instagram, tout le monde se revendique photographe. Qu\u2019en pensez-vous ?<br \/>\n<\/strong>Je ne touche pas \u00e0 Instagram et \u00e7a ne change rien \u00e0 ma vie. Pour \u00eatre photographe, il faut savoir regarder et voir, \u00e7a n\u2019a aucun rapport avec la technologie.<\/p>\n<p><strong>Quels conseils donneriez-vous \u00e0 un jeune photographe ?<br \/>\n<\/strong>De ne pas se masturber avec la photo comme le font beaucoup de photographes \u201cpassionn\u00e9s par la photo\u201d. C\u2019est comme dire \u201cje suis passionn\u00e9 par le jogging\u201d. Moi je d\u00e9teste \u00e7a, si je cours c\u2019est pour aller quelque part. C\u2019est pareil pour le photographe, il doit nous faire voir quelque chose que l\u2019on n\u2019a pas encore vu. \u00a0Il n\u2019y a pas besoin d\u2019aller loin pour prendre une photo, il y a toujours quelque chose d\u2019int\u00e9ressant \u00e0 proximit\u00e9. Et, je pense que c\u2019est valable pour tout le monde, il faut se remettre en question, \u00eatre plus subversif et ne pas accepter le conditionnement.<\/p>\n<p><strong>Il y a un risque de se retrouver isol\u00e9, marginalis\u00e9.<br \/>\n<\/strong>Vous les jeunes, vous vous \u00eates trop gentils. Moi quand j\u2019avais votre \u00e2ge on ne pouvait pas me tenir, je d\u00e9testais et contestais tout, le syst\u00e8me \u00e9ducatif, l\u2019\u00e9cole\u2026 Quand j\u2019ai commenc\u00e9 la photo de mode, j\u2019ai \u00e9galement tout remis en question. Vous, vous \u00eates tr\u00e8s calme, vous acceptez tout, vous \u00eates drogu\u00e9s par les technologies\u2026<\/p>\n<p><strong>Mais qu\u2019est-ce-que vous pr\u00e9conisez, \u00e0 part de se remettre en question?<br \/>\n<\/strong>Faites la r\u00e9volution ! Votre premier ennemi c\u2019est vous-m\u00eame. J\u2019attends que les jeunes nous pr\u00e9sentent quelque chose de vraiment nouveau. Ce qui int\u00e9resse les gens aujourd\u2019hui c\u2019est l\u2019argent. Nous on s\u2019amusait, mais on avait pas un sou !<\/p>\n<p><strong>On est aussi ici pour parler de votre vin. Faites-vous un retour \u00e0 la terre ?<br \/>\n<\/strong>Je ne fais jamais de retour ! Je vis depuis 40 ans dans une ferme en Toscane, j\u2019y \u00e9tais m\u00eame quand il n\u2019y avait pas de t\u00e9l\u00e9phone ni d\u2019\u00e9lectricit\u00e9. Il y a 15 ans un producteur de vin en Italie voulait que je lui vende un morceau de mon terrain, je lui ai propos\u00e9 de s\u2019en occuper\u2026 et j\u2019ai 12 hectares r\u00e9serv\u00e9s au vin ! J\u2019ai aussi plant\u00e9 3 000 oliviers, je fais \u00e9galement de l\u2019\u00e9levage de chevaux\u2026 Mais toutes ces activit\u00e9s sont s\u00e9rieuses, ce ne sont pas des hobbies. Mon hobby c\u2019est ma vie.<\/p>\n<p><strong>Vous voulez rajouter quelque chose ?<br \/>\n<\/strong>Il ne faut jamais rajouter, toujours retirer.<\/p>\n<\/div>\n<\/div>\n<div class=\"vc_empty_space\"><\/div>\n<\/div>\n<\/div>\n<\/div>\n<\/div>\n<\/div>\n<div class=\"wpex-vc-row-wrap clr\">\n<div class=\"vc_row wpb_row clr vc_row-fluid\">\n<div class=\"wpex-vc-columns-wrap clr\">\n<div class=\"wpb_column vc_column_container vc_col-sm-12\">\n<div class=\"wpb_wrapper wpex-vc-column-wrapper wpex-clr \">\n<div class=\"wpb_text_column wpb_content_element \">\n<div class=\"wpb_wrapper\">\n<div class=\"metaslider metaslider-flex metaslider-12809 ml-slider nav-hidden\">\n<div id=\"metaslider_container_12809\">\n<div id=\"metaslider_12809\" class=\"flexslider\">\n<div class=\"flex-viewport\">\n<ul class=\"slides\">\n<li class=\"slide-12851 ms-image\"><img loading=\"lazy\" decoding=\"async\" class=\"slider-12809 slide-12851 alignleft\" draggable=\"false\" src=\"http:\/\/magazineantidote.com\/wp-content\/uploads\/2015\/11\/Diapo1.jpg\" alt=\"\" width=\"622\" height=\"467\" \/><img loading=\"lazy\" decoding=\"async\" class=\"slider-12809 slide-12852 alignleft\" draggable=\"false\" src=\"http:\/\/magazineantidote.com\/wp-content\/uploads\/2015\/11\/Diapo2-1.jpg\" alt=\"\" width=\"611\" height=\"460\" \/><\/li>\n<li class=\"slide-12853 ms-image\"><img loading=\"lazy\" decoding=\"async\" class=\"slider-12809 slide-12853 alignleft\" draggable=\"false\" src=\"http:\/\/magazineantidote.com\/wp-content\/uploads\/2015\/11\/Diapo2.jpg\" alt=\"\" width=\"579\" height=\"434\" \/>\u00a0<img loading=\"lazy\" decoding=\"async\" class=\"slider-12809 slide-12854 alignleft\" draggable=\"false\" src=\"http:\/\/magazineantidote.com\/wp-content\/uploads\/2015\/11\/Diapo3.jpg\" alt=\"\" width=\"714\" height=\"536\" \/><\/li>\n<li class=\"slide-12855 ms-image\"><img loading=\"lazy\" decoding=\"async\" class=\"slider-12809 slide-12855 alignleft\" draggable=\"false\" src=\"http:\/\/magazineantidote.com\/wp-content\/uploads\/2015\/11\/Diapo4.jpg\" alt=\"\" width=\"563\" height=\"421\" \/>\u00a0<img loading=\"lazy\" decoding=\"async\" class=\"slider-12809 slide-12856 alignleft\" draggable=\"false\" src=\"http:\/\/magazineantidote.com\/wp-content\/uploads\/2015\/11\/Diapo5.jpg\" alt=\"\" width=\"598\" height=\"448\" \/><\/li>\n<li class=\"slide-12857 ms-image\"><img loading=\"lazy\" decoding=\"async\" class=\"slider-12809 slide-12857 alignleft\" draggable=\"false\" src=\"http:\/\/magazineantidote.com\/wp-content\/uploads\/2015\/11\/Diapo6.jpg\" alt=\"\" width=\"667\" height=\"501\" \/>\u00a0<img loading=\"lazy\" decoding=\"async\" class=\"slider-12809 slide-12858 alignleft\" draggable=\"false\" src=\"http:\/\/magazineantidote.com\/wp-content\/uploads\/2015\/11\/Diapo7.jpg\" alt=\"\" width=\"661\" height=\"497\" \/><\/li>\n<\/ul>\n<\/div>\n<\/div>\n<\/div>\n<\/div>\n<\/div>\n<\/div>\n<\/div>\n<\/div>\n<\/div>\n<\/div>\n<\/div>\n<div class=\"wpex-vc-row-wrap clr\"><\/div>\n<div class=\"wpex-vc-row-wrap clr\">\n<div class=\"vc_row wpb_row clr vc_row-fluid\">\n<div class=\"wpex-vc-columns-wrap clr\">\n<div class=\"wpb_column vc_column_container vc_col-sm-12\">\n<div class=\"wpb_wrapper wpex-vc-column-wrapper wpex-clr \">\n<div class=\"wpb_single_image wpb_content_element vc_align_center\">\n<div class=\"wpb_wrapper\">\n<div class=\"vc_single_image-wrapper   vc_box_border_grey\"><img loading=\"lazy\" decoding=\"async\" class=\"vc_single_image-img attachment-full\" src=\"http:\/\/magazineantidote.com\/wp-content\/uploads\/2015\/11\/olivero-toscani.jpg\" alt=\"olivero-toscani\" width=\"626\" height=\"418\" \/><\/div>\n<\/div>\n<\/div>\n<div class=\"wpb_text_column wpb_content_element  legende\">\n<div class=\"wpb_wrapper\">\n<p><em>Oliviero Toscani, plus de 50 ans de provocation<\/em><br \/>\n<em>Aux \u00e9ditions Marabout <\/em><br \/>\n<em>35 euros<\/em><\/p>\n<\/div>\n<p>24.11.2015<\/p>\n<p>Source:\u00a0<a href=\"http:\/\/magazineantidote.com\/oliviero-toscani-pour-etre-bon-il-faut-etre-engage\/\">magazineantidote.com<\/a><\/p>\n<\/div>\n<p>&nbsp;<\/p>\n<\/div>\n<\/div>\n<\/div>\n<\/div>\n<\/div>\n<\/div>\n","protected":false},"excerpt":{"rendered":"<p>Impossible de se rem\u00e9morer les ann\u00e9es 90 sans faire allusion aux campagnes Benetton, photos choc o\u00f9 le v\u00eatement n\u2019apparaissait pas et o\u00f9 pour la premi\u00e8re fois, une marque s\u2019effa\u00e7ait enti\u00e8rement derri\u00e8re un message politique. Ce message, c\u2019\u00e9tait celui d\u2019Oliviero Toscani,<a class=\"more\" href=\"https:\/\/blog.olivierotoscanistudio.com\/?p=4466\">Leggi &rarr;<\/a><\/p>\n","protected":false},"author":3,"featured_media":0,"comment_status":"open","ping_status":"closed","sticky":true,"template":"","format":"standard","meta":{"footnotes":""},"categories":[792],"tags":[],"aioseo_notices":[],"_links":{"self":[{"href":"https:\/\/blog.olivierotoscanistudio.com\/index.php?rest_route=\/wp\/v2\/posts\/4466"}],"collection":[{"href":"https:\/\/blog.olivierotoscanistudio.com\/index.php?rest_route=\/wp\/v2\/posts"}],"about":[{"href":"https:\/\/blog.olivierotoscanistudio.com\/index.php?rest_route=\/wp\/v2\/types\/post"}],"author":[{"embeddable":true,"href":"https:\/\/blog.olivierotoscanistudio.com\/index.php?rest_route=\/wp\/v2\/users\/3"}],"replies":[{"embeddable":true,"href":"https:\/\/blog.olivierotoscanistudio.com\/index.php?rest_route=%2Fwp%2Fv2%2Fcomments&post=4466"}],"version-history":[{"count":9,"href":"https:\/\/blog.olivierotoscanistudio.com\/index.php?rest_route=\/wp\/v2\/posts\/4466\/revisions"}],"predecessor-version":[{"id":4475,"href":"https:\/\/blog.olivierotoscanistudio.com\/index.php?rest_route=\/wp\/v2\/posts\/4466\/revisions\/4475"}],"wp:attachment":[{"href":"https:\/\/blog.olivierotoscanistudio.com\/index.php?rest_route=%2Fwp%2Fv2%2Fmedia&parent=4466"}],"wp:term":[{"taxonomy":"category","embeddable":true,"href":"https:\/\/blog.olivierotoscanistudio.com\/index.php?rest_route=%2Fwp%2Fv2%2Fcategories&post=4466"},{"taxonomy":"post_tag","embeddable":true,"href":"https:\/\/blog.olivierotoscanistudio.com\/index.php?rest_route=%2Fwp%2Fv2%2Ftags&post=4466"}],"curies":[{"name":"wp","href":"https:\/\/api.w.org\/{rel}","templated":true}]}}