{"id":4357,"date":"2015-10-06T19:49:52","date_gmt":"2015-10-06T18:49:52","guid":{"rendered":"http:\/\/blog.olivierotoscanistudio.com\/?p=4357"},"modified":"2015-10-06T19:49:52","modified_gmt":"2015-10-06T18:49:52","slug":"toscani-fotografare-lanima-avvenire-it-21-09-2015","status":"publish","type":"post","link":"https:\/\/blog.olivierotoscanistudio.com\/?p=4357","title":{"rendered":"TOSCANI, fotografare l&#8217;anima (avvenire.it \/ 21.09.2015)"},"content":{"rendered":"<div id=\"conenuto\" class=\"article-content article-content-width\">\n<div id=\"ctl00_PlaceHolderMain_ctl00_ctl14__ControlWrapper_RichHtmlField\" class=\"ms-rtestate-field\">\u200b\u00abNon ho vergogna di dire che sono la persona pi\u00f9 fortunata e privilegiata che ho conosciuto\u00bb. Oliviero Toscani \u00e8 cos\u00ec: esuberante, un po\u2019 istrione e, in un certo senso, attento a stupire gli interlocutori con le sue affermazioni. Forse per nascondersi, forse per spiazzare&#8230; Tanto pi\u00f9 che quella appena citata \u00e8 la conclusione di un ampio discorso sulla fede, sul Paradiso e sulla situazione di tanti personaggi pi\u00f9 o meno famosi, sedicenti miscredenti, che ormai avanti negli anni cominciano ad avere qualche dubbio e si fanno possibilisti riguardo a Dio e alle opportunit\u00e0 di guadagnarsi la vita eterna. \u00abQualcuno potrebbe pensare che sono qui ad Assisi, al Cortile di Francesco, perch\u00e9 con l\u2019et\u00e0 comincio ad avere preoccupazione per la morte. Ma io non ho dubbi, in Paradiso ci vado sicuramente\u00bb.<\/p>\n<p>Logico domandargli che cosa intenda per Paradiso. La risposta arriva immediata e riporta subito con i piedi per terra: \u00ab\u00c8 qui, adesso. \u00c8 quello che sto vivendo, che devo vivere\u00bb. E allora Dio? E la fede? \u00abNon so chi sia davvero Dio. C\u2019\u00e8 la fede dei cristiani, quella dei musulmani&#8230;\u00bb. \u00abCerto gli organizzatori del Cortile mi hanno catalogato fra i \u201cgentili\u201d&#8230;\u00bb, afferma con una certa ironia. Ma guai a metterlo fra quelli che non credono. A una giornalista che poco prima aveva azzardato l\u2019ipotesi ha risposto con un eccesso d\u2019impeto, subito celato dietro una gentile disponibilit\u00e0: \u00abNon credente sar\u00e0 lei!\u00bb. Per poi aggiungere, come se non si fosse capito: \u00abSono credente a modo mio. In fondo credo che tutti siamo credenti, altrimenti non si pu\u00f2 continuare a vivere\u00bb.<\/p>\n<p>Insomma, Oliviero Toscani \u00e8 \u201cdiversamente credente\u201d&#8230; \u00abS\u00ec! Forse&#8230; Ma non sulla sedia a rotelle&#8230; Credo che anche i santi siano dei diversamente credenti. San Francesco lo era certamente&#8230; originalissimo come una grande rock star&#8230; un po\u2019 folle, comunicativamente efficacissimo, capace di parlare, di dialogare con tutti&#8230;\u00bb.<\/p>\n<p>\u00c8 l\u2019importanza di chiamarsi Francesco. Perch\u00e9 a Toscani piace anche il papa Francesco, del quale, come tanti, si \u00e8 fatto una personalissima idea: \u00ab\u00c8 come mio nonno. Lui era un socialista rivoluzionario, diceva le cose con semplicit\u00e0, ma come andavano dette. Ecco, questo Papa non dice nulla di straordinario, ma finalmente c\u2019\u00e8 chi dice le cose come vanno dette\u00bb.<\/p>\n<p>Gi\u00e0, ma a parte i due Francesco, viene da chiedersi che cosa ci faccia ad Assisi Oliviero Toscani, che il 27 settembre alle ore 11, nella Sala stampa del Sacro Convento, gestisce un workshop sul tema \u201cRazza umana tra immagine e comunicazione\u201d e il giorno prima a Palazzo Bernabei, per il \u201cCortile dei bambini\u201d si propone di insegnare ai pi\u00f9 piccoli il vero significato delle immagini e della fotografia (per informazioni: cortile.sanfrancescopatronoditalia.it). Lui sulla razza umana ha parole poco lusinghiere: \u00abNel descriverla sono sinceramente imbarazzato. Ci siamo uccisi a milioni. E oggi se guardo a quello che accade e alle persone che contano vedo scarsa lungimiranza, nessuna visione del futuro, nessun progetto&#8230; Ma che vergogna&#8230; Lei mi chiede cosa far\u00f2 ad Assisi? Sono venuto a fare il mio mestiere, a fotografare tutti, quelli che sono sul palco e quelli che ascoltano, i credenti e i non credenti per poi vedere chi ha pi\u00f9 anima. Perch\u00e9 la fotografia non mente, racconta quello che siamo\u00bb.<\/p>\n<p>E Toscani non nasconde di essere intrigato da quella credenza secondo la quale la fotografia ruba l\u2019anima. \u00abForse \u00e8 per questo che tante persone che sono troppo fotografate rischiano di diventare vuote dentro. Tante top model, tanti uomini famosi sono vuoti\u00bb. Chiss\u00e0 se anche Oliviero Toscani, con le sue foto, ha contribuito a svuotarli. Certo \u00e8 che se la foto ruba l\u2019anima (cio\u00e8, come dice lui \u00abil luogo della libert\u00e0, l\u2019energia che ci fa vivere e andare avanti\u00bb), chi la scatta deve sentire una responsabilit\u00e0 particolare. \u00abLa responsabilit\u00e0 \u2013 afferma dopo averci pensato lungamente \u2013 \u00e8 nel capire che la fotografia ritrae le persone per quello che sono. Per questo bisogna stare attenti a documentare con seriet\u00e0. Io posso dire che mi domando sempre se ho sufficienti cultura e capacit\u00e0 per raccontare e testimoniare il tempo che sto vivendo\u00bb.<\/p>\n<p>E i bambini? \u00abQuesta civilt\u00e0 li sta rincretinendo con le immagini. A forza di immagini abbiamo tolto l\u2019immaginazione ai bambini, cio\u00e8 la cosa pi\u00f9 bella. L\u2019immagine ha sostituito la realt\u00e0 perch\u00e9 la realt\u00e0 esiste solo se c\u2019\u00e8 l\u2019immagine. Le immagini in movimento della tv fanno diventare ciechi, fanno vedere con gli occhi degli altri, tolgono lo spirito critico. La fotografia, invece, \u00e8 capace di lasciare pi\u00f9 libert\u00e0 interpretativa, ingaggia l\u2019anima, la coscienza. Per questo \u00e8 fondamentale insegnare ai bambini a leggere le immagini, non semplicemente a guardarle, ma a capirle, a interpretarle\u00bb.<\/p><\/div>\n<\/div>\n<div class=\"article-riproduzione rs_skip\">\u00a9 riproduzione riservata<\/div>\n<div class=\"article-riproduzione rs_skip\"><\/div>\n<div class=\"article-riproduzione rs_skip\">\u00a021.09.2015<\/div>\n<div class=\"article-riproduzione rs_skip\">Source:\u00a0<a href=\"http:\/\/www.avvenire.it\/Cultura\/Pagine\/toscani-fotografare-l'anima.aspx\">avvenire.it<\/a><\/div>\n","protected":false},"excerpt":{"rendered":"<p>\u200b\u00abNon ho vergogna di dire che sono la persona pi\u00f9 fortunata e privilegiata che ho conosciuto\u00bb. Oliviero Toscani \u00e8 cos\u00ec: esuberante, un po\u2019 istrione e, in un certo senso, attento a stupire gli interlocutori con le sue affermazioni. Forse per<a class=\"more\" href=\"https:\/\/blog.olivierotoscanistudio.com\/?p=4357\">Leggi &rarr;<\/a><\/p>\n","protected":false},"author":3,"featured_media":0,"comment_status":"open","ping_status":"closed","sticky":true,"template":"","format":"standard","meta":{"footnotes":""},"categories":[4],"tags":[],"aioseo_notices":[],"_links":{"self":[{"href":"https:\/\/blog.olivierotoscanistudio.com\/index.php?rest_route=\/wp\/v2\/posts\/4357"}],"collection":[{"href":"https:\/\/blog.olivierotoscanistudio.com\/index.php?rest_route=\/wp\/v2\/posts"}],"about":[{"href":"https:\/\/blog.olivierotoscanistudio.com\/index.php?rest_route=\/wp\/v2\/types\/post"}],"author":[{"embeddable":true,"href":"https:\/\/blog.olivierotoscanistudio.com\/index.php?rest_route=\/wp\/v2\/users\/3"}],"replies":[{"embeddable":true,"href":"https:\/\/blog.olivierotoscanistudio.com\/index.php?rest_route=%2Fwp%2Fv2%2Fcomments&post=4357"}],"version-history":[{"count":1,"href":"https:\/\/blog.olivierotoscanistudio.com\/index.php?rest_route=\/wp\/v2\/posts\/4357\/revisions"}],"predecessor-version":[{"id":4358,"href":"https:\/\/blog.olivierotoscanistudio.com\/index.php?rest_route=\/wp\/v2\/posts\/4357\/revisions\/4358"}],"wp:attachment":[{"href":"https:\/\/blog.olivierotoscanistudio.com\/index.php?rest_route=%2Fwp%2Fv2%2Fmedia&parent=4357"}],"wp:term":[{"taxonomy":"category","embeddable":true,"href":"https:\/\/blog.olivierotoscanistudio.com\/index.php?rest_route=%2Fwp%2Fv2%2Fcategories&post=4357"},{"taxonomy":"post_tag","embeddable":true,"href":"https:\/\/blog.olivierotoscanistudio.com\/index.php?rest_route=%2Fwp%2Fv2%2Ftags&post=4357"}],"curies":[{"name":"wp","href":"https:\/\/api.w.org\/{rel}","templated":true}]}}