{"id":4312,"date":"2015-09-20T14:19:06","date_gmt":"2015-09-20T13:19:06","guid":{"rendered":"http:\/\/blog.olivierotoscanistudio.com\/?p=4312"},"modified":"2015-09-20T14:19:06","modified_gmt":"2015-09-20T13:19:06","slug":"il-meglio-della-fotografia-a-photolux-iltirreno-gelocal-it-18-09-2015","status":"publish","type":"post","link":"https:\/\/blog.olivierotoscanistudio.com\/?p=4312","title":{"rendered":"Il meglio della fotografia a Photolux (iltirreno.gelocal.it \/ 18.09.2015)"},"content":{"rendered":"<h3>Torna la biennale internazionale che tra mostre, incontri ed eventi porter\u00e0 a Lucca i maghi mondiali dell\u2019obbiettivo<\/h3>\n<h3><em class=\"author\">di Paola Taddeucci<\/em><\/h3>\n<figure class=\"sidebar-img\"><img loading=\"lazy\" decoding=\"async\" class=\" alignnone\" title=\"\" src=\"http:\/\/iltirreno.gelocal.it\/polopoly_fs\/1.12116376.1442622049!\/httpImage\/image.jpg_gen\/derivatives\/detail_558\/image.jpg\" alt=\"\" width=\"151\" height=\"163\" \/><figcaption><\/figcaption><\/figure>\n<p>LUCCA. Il fior fiore della fotografia mondiale torna a Lucca per Photolux, la biennale internazionale in programma <strong>dal 21 novembre al 13 dicembre<\/strong> e presentata in anteprima gioved\u00ec 17 settembre al Roof Garden di Milano.<\/p>\n<p>Ancora una volta Enrico Stefanelli, il direttore del festival, ha stilato un calendario ricco di nomi e appuntamenti importanti, non solo della fotografia: tra i tanti ospiti arriveranno Oliviero Toscani che presenter\u00e0 il suo ultimo libro e il trombettista Paolo Fresu, protagonista di una serata di foto e musica. Diciotto le mostre che indagheranno il tema di quest&#8217;edizione: il sacro e il profano. Ci sar\u00e0 lo sguardo unico e provocatorio di Joel-Peter Witkin, fotografo statunitense ospite d&#8217;onore di Photolux. E poi le storie e le leggende di Bettina Rheims; i mirabili scatti dei capolavori di Michelangelo del pistoiese Aurelio Amendola, il cui nuovo volume sulla basilica di San Pietro a Roma verr\u00e0 tenuto a battesimo durante il festival; le suggestioni Hindu di Tony Meneguzzo, che in un lungo percorso di studi e viaggi ha testimoniato l&#8217;arte ormai quasi scomparsa di vestire e adornare le vacchie sacre in India.<\/p>\n<p>Accanto a queste, verranno proposte altre sette esposizioni, non legate al tema del sacro e profano, ma ugualmente di grande richiamo. Come il World Press Photo 2015, ospitata a Lucca per l&#8217;undicesimo anno consecutivo e con la quale sar\u00e0 possibile ammirare i migliori scatti del concorso di fotogiornalismo pi\u00f9 importante del mondo: tra gli autori premiati, ci sono molti italiani. Al toscano Massimo Sestini, tra l&#8217;altro, \u00e8 andato il secondo premio in una delle numerose categorie grazie alla foto di un barcone di migranti in mezzo al mare, da lui scattata su un elicottero a distanza ravvicinata. Oliviero Toscani sar\u00e0 tra i protagonisti dei \u201cLeika Talk\u201d, uno degli eventi collaterali dedicato a conferenze e incontri. Il fotografo milanese, toscano d&#8217;adozione, presenter\u00e0 il suo libro \u201cPi\u00f9 di cinquant&#8217;anni di magnifici insuccessi\u201d, mentre un pomeriggio sar\u00e0 riservato ai vincitori italiani del World Press, che racconteranno i loro lavori e discuteranno del ruolo di fotogiornalismo oggi. Torner\u00e0 a Lucca, poi, Lorella Zanardo che parler\u00e0 dell&#8217;immagine e della rappresentazione della donna nei media. Un atteso ritorno sar\u00e0 anche quello di Expolux, lo spazio espositivo per editori, stampatori, professionisti e scuole di fotografia che animer\u00e0 il fine settimana del 28 e 29 novembre.<\/p>\n<p>Il 28 novembre \u00e8 anche la sera della Photolux Night, quando verranno<\/p>\n<p>premiati i vincitori dei vari contest lanciati nel corso dell&#8217;estate e al fotografo Witkin sar\u00e0 consegnato il premio alla carriera. Serata speciale, poi, il 7 dicembre con Fresu. Il festival si terr\u00e0 al Real Collegio e in altre location del centro storico. Info: www.photoluxfestival.it.<\/p>\n<p>18.09.2015<\/p>\n<p>source:<a href=\"http:\/\/iltirreno.gelocal.it\/lucca\/cronaca\/2015\/09\/18\/news\/il-meglio-della-fotografia-a-photolux-1.12116378\"> iltirreno.gelocal.it<\/a><\/p>\n","protected":false},"excerpt":{"rendered":"<p>Torna la biennale internazionale che tra mostre, incontri ed eventi porter\u00e0 a Lucca i maghi mondiali dell\u2019obbiettivo di Paola Taddeucci LUCCA. Il fior fiore della fotografia mondiale torna a Lucca per Photolux, la biennale internazionale in programma dal 21 novembre<a class=\"more\" href=\"https:\/\/blog.olivierotoscanistudio.com\/?p=4312\">Leggi &rarr;<\/a><\/p>\n","protected":false},"author":3,"featured_media":0,"comment_status":"open","ping_status":"closed","sticky":true,"template":"","format":"standard","meta":{"footnotes":""},"categories":[4],"tags":[],"aioseo_notices":[],"_links":{"self":[{"href":"https:\/\/blog.olivierotoscanistudio.com\/index.php?rest_route=\/wp\/v2\/posts\/4312"}],"collection":[{"href":"https:\/\/blog.olivierotoscanistudio.com\/index.php?rest_route=\/wp\/v2\/posts"}],"about":[{"href":"https:\/\/blog.olivierotoscanistudio.com\/index.php?rest_route=\/wp\/v2\/types\/post"}],"author":[{"embeddable":true,"href":"https:\/\/blog.olivierotoscanistudio.com\/index.php?rest_route=\/wp\/v2\/users\/3"}],"replies":[{"embeddable":true,"href":"https:\/\/blog.olivierotoscanistudio.com\/index.php?rest_route=%2Fwp%2Fv2%2Fcomments&post=4312"}],"version-history":[{"count":7,"href":"https:\/\/blog.olivierotoscanistudio.com\/index.php?rest_route=\/wp\/v2\/posts\/4312\/revisions"}],"predecessor-version":[{"id":4319,"href":"https:\/\/blog.olivierotoscanistudio.com\/index.php?rest_route=\/wp\/v2\/posts\/4312\/revisions\/4319"}],"wp:attachment":[{"href":"https:\/\/blog.olivierotoscanistudio.com\/index.php?rest_route=%2Fwp%2Fv2%2Fmedia&parent=4312"}],"wp:term":[{"taxonomy":"category","embeddable":true,"href":"https:\/\/blog.olivierotoscanistudio.com\/index.php?rest_route=%2Fwp%2Fv2%2Fcategories&post=4312"},{"taxonomy":"post_tag","embeddable":true,"href":"https:\/\/blog.olivierotoscanistudio.com\/index.php?rest_route=%2Fwp%2Fv2%2Ftags&post=4312"}],"curies":[{"name":"wp","href":"https:\/\/api.w.org\/{rel}","templated":true}]}}