{"id":4123,"date":"2015-07-02T21:56:40","date_gmt":"2015-07-02T20:56:40","guid":{"rendered":"http:\/\/blog.olivierotoscanistudio.com\/?p=4123"},"modified":"2015-07-02T22:01:39","modified_gmt":"2015-07-02T21:01:39","slug":"lhomme-qui-aime-toutes-les-femmes-interview-in-french-blogs-lexpress-fr-29-06-2015","status":"publish","type":"post","link":"https:\/\/blog.olivierotoscanistudio.com\/?p=4123","title":{"rendered":"L\u2019homme qui aime (toutes) les femmes ( article  in French \/ blogs.lexpress.fr \/\/ 29.06.2015)"},"content":{"rendered":"<p><a href=\"http:\/\/blogs.lexpress.fr\/styles\/mode-personnel\/wp-content\/blogs.dir\/795\/files\/2015\/06\/Guena-3.jpg\" rel=\"lightbox[4123]\"><img loading=\"lazy\" decoding=\"async\" class=\"size-large wp-image-23169\" src=\"http:\/\/blogs.lexpress.fr\/styles\/mode-personnel\/wp-content\/blogs.dir\/795\/files\/2015\/06\/Guena-3-682x1024.jpg\" alt=\"Guena\" width=\"600\" height=\"900\" \/><\/a><br \/>\nGuena, 45 ans, responsable de boutique : Je ne me suis jamais sentie aussi belle depuis que je suis m\u00e8re. C\u2019est l\u2019accomplissement de soi, de vivre des bonheurs simples qui ont chang\u00e9 mon regard sur moi-m\u00eame<\/p>\n<p>.<br \/>\nEn octobre dernier, <a href=\"http:\/\/www.balsamik.fr\/\" target=\"_blank\"><strong>Balsamik<\/strong><\/a> a lanc\u00e9 <strong>un casting de\u00a0\u201cbelles\u201d femmes<\/strong> sur Facebook. Pas belles comme Gisele Bundchen. Belles comme vous et moi. 1000 femmes ont particip\u00e9. 15 ont \u00e9t\u00e9 retenues.<\/p>\n<p>La finalit\u00e9 : une expo photo de <strong>45 \u201canti-clich\u00e9s\u201d<\/strong> sign\u00e9s\u00a0<a href=\"http:\/\/www.olivierotoscanistudio.com\/it\/portfolio.htm\" target=\"_blank\">Oliviero Toscani,<\/a>\u00a0le photographe\u00a0de mode (<em>Elle, Vogue, Harpers Bazaar\u2026<\/em>)\u00a0connu pour ses engagements radicaux et ses photos choc (<em>Benetton..<\/em>.) contre l\u2019intol\u00e9rance ou l\u2019anorexie.<\/p>\n<p>Bien s\u00fbr,\u00a0on connait par c\u0153ur le refrain sur\u00a0la beaut\u00e9 qui n\u2019a pas d\u2019\u00e2ge, de poids, de taille\u2026 N\u2019emp\u00eache que l\u2019\u00e9nergie de ces femmes qui nous rappellent l\u2019\u00e9vidence fait du bien. Surtout les matins o\u00f9 on a du mal \u00e0 se regarder.<\/p>\n<p><a href=\"http:\/\/blogs.lexpress.fr\/styles\/mode-personnel\/wp-content\/blogs.dir\/795\/files\/2015\/06\/Charlotte-I-2.jpg\" rel=\"lightbox[4123]\"><img loading=\"lazy\" decoding=\"async\" class=\"size-large wp-image-23171\" src=\"http:\/\/blogs.lexpress.fr\/styles\/mode-personnel\/wp-content\/blogs.dir\/795\/files\/2015\/06\/Charlotte-I-2-682x1024.jpg\" alt=\"Charlotte\" width=\"600\" height=\"900\" \/><\/a><br \/>\nCharlotte, 32 ans, enseignante : le concept Anti-Clich\u00e9s est une r\u00e9volution pour les femmes comme moi. M\u00eame si je ne corresponds pas ans standards de beaut\u00e9, j\u2019ai le droit de me sentir belle, comme toutes les femmes.<\/p>\n<p>.<br \/>\nVous l\u2019avez peut-\u00eatre vu sur <a href=\"https:\/\/instagram.com\/modepersonnelle\/\" target=\"_blank\">Instagram<\/a>, j\u2019ai eu la chance d\u2019\u00e9changer avec le \u201cMaestro\u201d avant l\u2019inauguration de l\u2019expo.<\/p>\n<p><em>\u201cAlors, vous avez un blog<\/em>, m\u2019a-t-il interpell\u00e9 de son phras\u00e9 tonitruant qui roule les \u201crrrr\u201d, <em>moi, je n\u2019ai pas d\u2019ordinateur !\u201d<\/em><\/p>\n<p>&nbsp;<\/p>\n<p><a href=\"http:\/\/blogs.lexpress.fr\/styles\/mode-personnel\/wp-content\/blogs.dir\/795\/files\/2015\/06\/Oliviero-Toscani.jpg\" rel=\"lightbox[4123]\"><img loading=\"lazy\" decoding=\"async\" class=\"size-large wp-image-23173\" src=\"http:\/\/blogs.lexpress.fr\/styles\/mode-personnel\/wp-content\/blogs.dir\/795\/files\/2015\/06\/Oliviero-Toscani-1024x768.jpg\" alt=\"-\" width=\"600\" height=\"450\" \/><\/a><br \/>\nOliviero Toscani : J\u2019ai enfin trouv\u00e9 une marque qui partage ma vision des femmes<\/p>\n<p>.<br \/>\nMonsieur Toscani est un grand homme qui parle fort et vous transperce de ses yeux noirs qui ne vous l\u00e2chent pas.<\/p>\n<p><em>\u201cJ\u2019ai toujours aim\u00e9 chercher des personnes diff\u00e9rentes, qui sortent des clich\u00e9s. je suis lass\u00e9 des mannequins depuis longtemps\u00a0et je ne suis pas le seul ! Les\u00a0femmes aussi sont agac\u00e9es par les Barbies.<\/em><\/p>\n<p><em>Avec ces\u00a0photos, j\u2019aimerais qu\u2019on\u00a0change l\u2019image de la femme moderne.\u201d<\/em><\/p>\n<p>&nbsp;<\/p>\n<p><a href=\"http:\/\/blogs.lexpress.fr\/styles\/mode-personnel\/wp-content\/blogs.dir\/795\/files\/2015\/06\/Raphaelle-1.jpg\" rel=\"lightbox[4123]\"><img loading=\"lazy\" decoding=\"async\" class=\"size-large wp-image-23177\" src=\"http:\/\/blogs.lexpress.fr\/styles\/mode-personnel\/wp-content\/blogs.dir\/795\/files\/2015\/06\/Raphaelle-1-682x1024.jpg\" alt=\"Rapha\u00eblle\" width=\"600\" height=\"900\" \/><\/a><br \/>\nRapha\u00eblle, 32 ans, chanteuse : J\u2019ai mis du temps \u00e0 comprendre que la mode ce n\u2019est pas quelque chose de superficiel mais un moyen, pour moi, de me r\u00e9v\u00e9ler aux autres.<\/p>\n<p>&nbsp;<\/p>\n<p><a href=\"http:\/\/blogs.lexpress.fr\/styles\/mode-personnel\/wp-content\/blogs.dir\/795\/files\/2015\/06\/05.jpg\" rel=\"lightbox[4123]\"><img loading=\"lazy\" decoding=\"async\" class=\"size-large wp-image-23175\" src=\"http:\/\/blogs.lexpress.fr\/styles\/mode-personnel\/wp-content\/blogs.dir\/795\/files\/2015\/06\/05-1024x574.jpg\" alt=\"Trampoline et vent dans les voiles !\" width=\"600\" height=\"336\" \/><\/a><\/p>\n<p>les coulisses du shooting avec Guena<br \/>\n.<\/p>\n<p>&nbsp;<\/p>\n<p><em>\u201cLes tops models\u00a0ne m\u2019inspirent plus. Quand elles arrivent pour un shooting, elles regardent l\u2019heure :<strong>Oliviero, on en a pour longtemps ? Pour moi, ce\u00a0sont des caisses vides. Des clich\u00e9s. Elles sont l\u00e0 pour montrer leur enveloppe ext\u00e9rieure, c\u2019est tout.<\/strong> On les a trop photographi\u00e9es, elles n\u2019ont plus d\u2019\u00e2me. Pour elles, c\u2019est une formalit\u00e9. D\u2019ailleurs les Arabes disent : ne me photographiez pas, vous volez mon \u00e2me.\u201d<\/em><\/p>\n<p>&nbsp;<\/p>\n<p><a href=\"http:\/\/blogs.lexpress.fr\/styles\/mode-personnel\/wp-content\/blogs.dir\/795\/files\/2015\/06\/10.jpg\" rel=\"lightbox[4123]\"><img loading=\"lazy\" decoding=\"async\" class=\"size-large wp-image-23193\" src=\"http:\/\/blogs.lexpress.fr\/styles\/mode-personnel\/wp-content\/blogs.dir\/795\/files\/2015\/06\/10-1024x573.jpg\" alt=\"-\" width=\"600\" height=\"335\" \/><\/a><br \/>\nIsabelle<br \/>\n.<\/p>\n<p>&nbsp;<\/p>\n<p><a href=\"http:\/\/blogs.lexpress.fr\/styles\/mode-personnel\/wp-content\/blogs.dir\/795\/files\/2015\/06\/Patricia-2.jpg\" rel=\"lightbox[4123]\"><img loading=\"lazy\" decoding=\"async\" class=\"size-large wp-image-23199\" src=\"http:\/\/blogs.lexpress.fr\/styles\/mode-personnel\/wp-content\/blogs.dir\/795\/files\/2015\/06\/Patricia-2-682x1024.jpg\" alt=\"Patricia, 49 ans\" width=\"600\" height=\"900\" \/><\/a><br \/>\nPatricia, 49 ans, secr\u00e9taire de direction : A 20 ans, j\u2019avais 10 kg de moins et j\u2019\u00e9tais bourr\u00e9e de complexes<\/p>\n<p>.<\/p>\n<p>&nbsp;<\/p>\n<p><a href=\"http:\/\/blogs.lexpress.fr\/styles\/mode-personnel\/wp-content\/blogs.dir\/795\/files\/2015\/06\/Camille-II-1.jpg\" rel=\"lightbox[4123]\"><img loading=\"lazy\" decoding=\"async\" class=\"size-large wp-image-23185\" src=\"http:\/\/blogs.lexpress.fr\/styles\/mode-personnel\/wp-content\/blogs.dir\/795\/files\/2015\/06\/Camille-II-1-682x1024.jpg\" alt=\"Camille\" width=\"600\" height=\"900\" \/><\/a><br \/>\nCamille, 54 ans, styliste : J\u2019ai commenc\u00e9 \u00e0 me d\u00e9friser \u00e0 15 ans et pendant 20 ans, j\u2019ai perdu mon temps !<\/p>\n<p>.<\/p>\n<p>&nbsp;<\/p>\n<p><a href=\"http:\/\/blogs.lexpress.fr\/styles\/mode-personnel\/wp-content\/blogs.dir\/795\/files\/2015\/06\/Coline-1.jpg\" rel=\"lightbox[4123]\"><img loading=\"lazy\" decoding=\"async\" class=\"size-large wp-image-23203\" src=\"http:\/\/blogs.lexpress.fr\/styles\/mode-personnel\/wp-content\/blogs.dir\/795\/files\/2015\/06\/Coline-1-682x1024.jpg\" alt=\"Coline, 30 ans, manager de restaurant : A 20 ans, j'assumais beaucoup moins mon 1,85 m. A 30 ans, j'en suis fi\u00e8re. On ne m'enl\u00e8verait plus 5 cm.\" width=\"600\" height=\"900\" \/><\/a><br \/>\nColine, 30 ans, manager de restaurant : A 20 ans, j\u2019assumais beaucoup moins mon 1,85 m. A 30 ans, j\u2019en suis fi\u00e8re. On ne m\u2019enl\u00e8verait plus 5 cm.<\/p>\n<p>.<\/p>\n<p>&nbsp;<\/p>\n<p><em>\u201cLes femmes que j\u2019ai\u00a0photographi\u00e9es pour Balsamik ne sont pas des clich\u00e9s. Tr\u00e8s peu se sont d\u00e9j\u00e0 fait siffler dans la rue\u2026<\/em><\/p>\n<p><em>Voil\u00e0 ce\u00a0qui m\u2019int\u00e9resse\u00a0:\u00a0pas de codes, de normes, de poids, de taille, d\u2019\u00e2ge\u2026 L\u2019unicit\u00e9, c\u2019est la valeur ajout\u00e9e de la beaut\u00e9.\u201d<\/em><\/p>\n<p>&nbsp;<\/p>\n<p><a href=\"http:\/\/blogs.lexpress.fr\/styles\/mode-personnel\/wp-content\/blogs.dir\/795\/files\/2015\/06\/Sandrine-1.jpg\" rel=\"lightbox[4123]\"><img loading=\"lazy\" decoding=\"async\" class=\"size-large wp-image-23181\" src=\"http:\/\/blogs.lexpress.fr\/styles\/mode-personnel\/wp-content\/blogs.dir\/795\/files\/2015\/06\/Sandrine-1-682x1024.jpg\" alt=\"Sandrine\" width=\"600\" height=\"900\" \/><\/a><br \/>\nSandrine, 47 ans, com\u00e9dienne : Il y a deux ans, j\u2019ai eu un cancer du sein. On peut \u00eatre une femme \u00e9l\u00e9gante et joyeuse malgr\u00e9 la maladie, vivre au pr\u00e9sent, se montrer telle que l\u2019on est, sans artifice.<br \/>\n.<\/p>\n<p>&nbsp;<\/p>\n<p><a href=\"http:\/\/blogs.lexpress.fr\/styles\/mode-personnel\/wp-content\/blogs.dir\/795\/files\/2015\/06\/Laurence-1.jpg\" rel=\"lightbox[4123]\"><img loading=\"lazy\" decoding=\"async\" class=\"size-large wp-image-23189\" src=\"http:\/\/blogs.lexpress.fr\/styles\/mode-personnel\/wp-content\/blogs.dir\/795\/files\/2015\/06\/Laurence-1-682x1024.jpg\" alt=\"Laurence\" width=\"600\" height=\"900\" \/><\/a><br \/>\nLaurence, 48 ans, journaliste : Je ne porte plus le m\u00eame regard sur moi qu\u2019\u00e0 20 ans. Je me sens plus \u00e9panouie, mieux dans ma peau.<br \/>\n.<\/p>\n<p>&nbsp;<\/p>\n<p><em>\u201cAu d\u00e9but, ces femmes\u00a0n\u2019\u00e9taient pas naturelles, pas \u00e0 l\u2019aise\u2026 C\u2019est compl\u00e8tement normal.<\/em><\/p>\n<p><em>J\u2019ai demand\u00e9 \u00e0 chacune d\u2019\u00eatre elle, sinc\u00e8re\u00a0et\u00a0honn\u00eate.\u201d<\/em><\/p>\n<p>&nbsp;<\/p>\n<p><a href=\"http:\/\/blogs.lexpress.fr\/styles\/mode-personnel\/wp-content\/blogs.dir\/795\/files\/2015\/06\/Eva-3.jpg\" rel=\"lightbox[4123]\"><img loading=\"lazy\" decoding=\"async\" class=\"size-large wp-image-23187\" src=\"http:\/\/blogs.lexpress.fr\/styles\/mode-personnel\/wp-content\/blogs.dir\/795\/files\/2015\/06\/Eva-3-682x1024.jpg\" alt=\"-\" width=\"600\" height=\"900\" \/><\/a><br \/>\nEva, 34 ans, athl\u00e8te de haut niveau : Je me sens belle depuis que j\u2019ai arr\u00eat\u00e9 de tricher avec moi-m\u00eame<br \/>\n.<\/p>\n<p>&nbsp;<\/p>\n<p><em>\u201cVous savez, quand je suis derri\u00e8re mon\u00a0appareil photo, je\u00a0deviens psychanalyste.<\/em><\/p>\n<p><em>En deux minutes, je vois qui est devant moi. Je sais tout. C\u2019est presque g\u00eanant.\u201d<\/em><\/p>\n<p>&nbsp;<\/p>\n<p><a href=\"http:\/\/blogs.lexpress.fr\/styles\/mode-personnel\/wp-content\/blogs.dir\/795\/files\/2015\/06\/Charlotte-II-3.jpg\" rel=\"lightbox[4123]\"><img loading=\"lazy\" decoding=\"async\" class=\"size-large wp-image-23201\" src=\"http:\/\/blogs.lexpress.fr\/styles\/mode-personnel\/wp-content\/blogs.dir\/795\/files\/2015\/06\/Charlotte-II-3-682x1024.jpg\" alt=\"Charlotte, 37 ans, h\u00f4tesse de l'air : \" width=\"600\" height=\"900\" \/><\/a><br \/>\nCharlotte, 37 ans, h\u00f4tesse de l\u2019air : Plus je m\u00fbris, moins je me focalise sur mes petits d\u00e9fauts. C\u2019est en vieillissant que j\u2019ai appris \u00e0 m\u2019accepter.<\/p>\n<p>.<\/p>\n<p>&nbsp;<\/p>\n<p><a href=\"http:\/\/blogs.lexpress.fr\/styles\/mode-personnel\/wp-content\/blogs.dir\/795\/files\/2015\/06\/Carole-3.jpg\" rel=\"lightbox[4123]\"><img loading=\"lazy\" decoding=\"async\" class=\"size-large wp-image-23205\" src=\"http:\/\/blogs.lexpress.fr\/styles\/mode-personnel\/wp-content\/blogs.dir\/795\/files\/2015\/06\/Carole-3-682x1024.jpg\" alt=\"Carole\" width=\"600\" height=\"900\" \/><\/a><br \/>\nCarole, 42 ans, m\u00e8re au foyer : Pour moi, passer le cap de la quarantaine, c\u2019est profiter ! Je n\u2019aurais peut-\u00eatre pas tent\u00e9 le casting Balsamik \u00e0 20 ans alors qu\u2019aujourd\u2019hui, je n\u2019ai pas h\u00e9sit\u00e9. J\u2019ai envie de m\u2019amuser et j\u2019ai eu raison de le faire.<br \/>\n.<\/p>\n<p>&nbsp;<\/p>\n<p><a href=\"http:\/\/blogs.lexpress.fr\/styles\/mode-personnel\/wp-content\/blogs.dir\/795\/files\/2015\/06\/Marine-1.jpg\" rel=\"lightbox[4123]\"><img loading=\"lazy\" decoding=\"async\" class=\"size-large wp-image-23183\" src=\"http:\/\/blogs.lexpress.fr\/styles\/mode-personnel\/wp-content\/blogs.dir\/795\/files\/2015\/06\/Marine-1-682x1024.jpg\" alt=\"Marine\" width=\"600\" height=\"900\" \/><\/a><br \/>\nMarine, 28 ans, conseill\u00e8re beaut\u00e9 : Je suis grosse et cela ne m\u2019emp\u00eache pas de rire, de m\u2019aimer et de vivre.<\/p>\n<p>.<\/p>\n<p>&nbsp;<\/p>\n<p><em>\u201cJe les ai mises dans une situation o\u00f9 elles devaient me regarder. Quand on regarde, on a une position plus int\u00e9ressante, vous arr\u00eatez de vous regarder, de faire semblant. C\u2019est magique.\u201d<\/em><\/p>\n<p>&nbsp;<\/p>\n<p><a href=\"http:\/\/blogs.lexpress.fr\/styles\/mode-personnel\/wp-content\/blogs.dir\/795\/files\/2015\/06\/14.jpg\" rel=\"lightbox[4123]\"><img loading=\"lazy\" decoding=\"async\" class=\"size-large wp-image-23179\" src=\"http:\/\/blogs.lexpress.fr\/styles\/mode-personnel\/wp-content\/blogs.dir\/795\/files\/2015\/06\/14-1024x576.jpg\" alt=\"-\" width=\"600\" height=\"337\" \/><\/a><br \/>\nMarine<br \/>\n.<\/p>\n<p>&nbsp;<\/p>\n<p>Et c\u2019\u00e9tait magique de voir\u00a0ces femmes arriver de tous les coins de la France pour se d\u00e9couvrir\u00a0en tirage grand format sur le parvis de la gare Saint-Lazare\u2026 fi\u00e8res, f\u00e9briles et visiblement \u00e9mues de se jeter dans les bras\u00a0de \u201cleur\u201d photographe.<\/p>\n<p>L\u2019expo est visible jusqu\u2019au 6 juillet.<\/p>\n<p>&nbsp;<\/p>\n<p><a href=\"http:\/\/blogs.lexpress.fr\/styles\/mode-personnel\/wp-content\/blogs.dir\/795\/files\/2015\/06\/FullSizeRender.jpg\" rel=\"lightbox[4123]\"><img loading=\"lazy\" decoding=\"async\" class=\"size-large wp-image-23195\" src=\"http:\/\/blogs.lexpress.fr\/styles\/mode-personnel\/wp-content\/blogs.dir\/795\/files\/2015\/06\/FullSizeRender-1024x1024.jpg\" alt=\"-\" width=\"600\" height=\"600\" \/><\/a><br \/>\nOliviero Toscani : \u201cRegardez-moi, assumez votre v\u00e9cu et soyez fi\u00e8re d\u2019\u00eatre arriv\u00e9e jusque l\u00e0 !\u201d<\/p>\n<p>.<\/p>\n<p>29.06.2015<br \/>\nSource:\u00a0<a href=\"http:\/\/blogs.lexpress.fr\/styles\/mode-personnel\/2015\/06\/29\/lhomme-qui-aime-toutes-les-femmes\/\">blogs.lexpress.fr<\/a><\/p>\n","protected":false},"excerpt":{"rendered":"<p>Guena, 45 ans, responsable de boutique : Je ne me suis jamais sentie aussi belle depuis que je suis m\u00e8re. C\u2019est l\u2019accomplissement de soi, de vivre des bonheurs simples qui ont chang\u00e9 mon regard sur moi-m\u00eame . En octobre dernier,<a class=\"more\" href=\"https:\/\/blog.olivierotoscanistudio.com\/?p=4123\">Leggi &rarr;<\/a><\/p>\n","protected":false},"author":3,"featured_media":0,"comment_status":"open","ping_status":"closed","sticky":true,"template":"","format":"standard","meta":{"footnotes":""},"categories":[792,31],"tags":[],"aioseo_notices":[],"_links":{"self":[{"href":"https:\/\/blog.olivierotoscanistudio.com\/index.php?rest_route=\/wp\/v2\/posts\/4123"}],"collection":[{"href":"https:\/\/blog.olivierotoscanistudio.com\/index.php?rest_route=\/wp\/v2\/posts"}],"about":[{"href":"https:\/\/blog.olivierotoscanistudio.com\/index.php?rest_route=\/wp\/v2\/types\/post"}],"author":[{"embeddable":true,"href":"https:\/\/blog.olivierotoscanistudio.com\/index.php?rest_route=\/wp\/v2\/users\/3"}],"replies":[{"embeddable":true,"href":"https:\/\/blog.olivierotoscanistudio.com\/index.php?rest_route=%2Fwp%2Fv2%2Fcomments&post=4123"}],"version-history":[{"count":15,"href":"https:\/\/blog.olivierotoscanistudio.com\/index.php?rest_route=\/wp\/v2\/posts\/4123\/revisions"}],"predecessor-version":[{"id":4138,"href":"https:\/\/blog.olivierotoscanistudio.com\/index.php?rest_route=\/wp\/v2\/posts\/4123\/revisions\/4138"}],"wp:attachment":[{"href":"https:\/\/blog.olivierotoscanistudio.com\/index.php?rest_route=%2Fwp%2Fv2%2Fmedia&parent=4123"}],"wp:term":[{"taxonomy":"category","embeddable":true,"href":"https:\/\/blog.olivierotoscanistudio.com\/index.php?rest_route=%2Fwp%2Fv2%2Fcategories&post=4123"},{"taxonomy":"post_tag","embeddable":true,"href":"https:\/\/blog.olivierotoscanistudio.com\/index.php?rest_route=%2Fwp%2Fv2%2Ftags&post=4123"}],"curies":[{"name":"wp","href":"https:\/\/api.w.org\/{rel}","templated":true}]}}