{"id":4116,"date":"2015-07-02T21:12:36","date_gmt":"2015-07-02T20:12:36","guid":{"rendered":"http:\/\/blog.olivierotoscanistudio.com\/?p=4116"},"modified":"2015-07-02T22:10:27","modified_gmt":"2015-07-02T21:10:27","slug":"une-expo-anti-cliches-signee-oliviero-toscani-article-in-french-mariefrance-fr-1-july-2015","status":"publish","type":"post","link":"https:\/\/blog.olivierotoscanistudio.com\/?p=4116","title":{"rendered":"Une expo \u00ab Anti-clich\u00e9s \u00bb sign\u00e9e Oliviero Toscani (article in French \/ mariefrance.fr \/\/ 01.07.2015)"},"content":{"rendered":"<p>\u00ab\u00a0Ce projet m\u2019a tout de suite int\u00e9ress\u00e9 car il me donne l\u2019occasion de mettre en pratique une intuition que j\u2019ai depuis des ann\u00e9es : la femme qui assume son v\u00e9cu, loin de la beaut\u00e9 uniforme des jeunes mannequins, est tr\u00e8s int\u00e9ressante, s\u2019enthousiasme Oliviero Toscani. Son unicit\u00e9 am\u00e8ne une valeur ajout\u00e9e \u00e0 la beaut\u00e9 moderne. Par son allure, sa personnalit\u00e9, sa passion, la femme de 40 ans et plus incarne la nouvelle beaut\u00e9 des femmes.\u00a0\u00bb<\/p>\n<div class=\"hmutinread\"><\/div>\n<div class=\"hmutinread\" style=\"text-align: left;\"><a href=\"https:\/\/blog.olivierotoscanistudio.com\/wp-content\/uploads\/2015\/07\/Capture-d\u2019\u00e9cran-2015-06-30-\u00e0-14.52.05-244x410.png\" rel=\"lightbox[4116]\"><img loading=\"lazy\" decoding=\"async\" class=\"size-full wp-image-4118\" src=\"https:\/\/blog.olivierotoscanistudio.com\/wp-content\/uploads\/2015\/07\/Capture-d\u2019\u00e9cran-2015-06-30-\u00e0-14.52.05-244x410.png\" alt=\"Capture-d\u2019\u00e9cran-2015-06-30-\u00e0-14.52.05-244x410\" width=\"244\" height=\"410\" srcset=\"https:\/\/blog.olivierotoscanistudio.com\/wp-content\/uploads\/2015\/07\/Capture-d\u2019\u00e9cran-2015-06-30-\u00e0-14.52.05-244x410.png 244w, https:\/\/blog.olivierotoscanistudio.com\/wp-content\/uploads\/2015\/07\/Capture-d\u2019\u00e9cran-2015-06-30-\u00e0-14.52.05-244x410-178x300.png 178w\" sizes=\"(max-width: 244px) 100vw, 244px\" \/><\/a><\/div>\n<div class=\"hmutinread\"><\/div>\n<div class=\"hmutinread\">\u00a0DES MANNEQUINS D\u2019UN JOUR<\/div>\n<p>Apr\u00e8s un casting qui a r\u00e9uni pr\u00e8s de 1000 participantes en novembre dernier, 15 femmes ont pris la pause devant l\u2019objectif du photographe italien, c\u00e9l\u00e8bre, entre autres, pour ses campagnes de pub pour Benetton. Leurs portraits sont visibles jusqu\u2019au 6 juillet prochain, \u00e0 Paris, sur le parvis de la Gare Saint Lazare. Elles sont\u00a0m\u00e8re au foyer, secr\u00e9taire de direction, responsable de magasin, com\u00e9dienne, athl\u00e8te de haut niveau.. Certains sont (tr\u00e8s) grandes, d\u2019autres rondes ou tatou\u00e9es. Elles ont, pour la majorit\u00e9, plus de 40 ans. Rien d\u2019\u00e9tonnant quand on sait que pour plus d\u2019un tiers des femmes, la plus grande bouff\u00e9e de bonheur, apr\u00e8s la maternit\u00e9, c\u2019est \u00ab\u00a0\u00e0 la quarantaine\u00a0\u00bb (1)<strong>. <\/strong>83% des 45 \u00e0 60 ans se sentent ainsi bien dans leur vie, une proportion bien plus importante que chez les jeunes (2).<br \/>\n.<\/p>\n<h3>DES FEMMES BIEN DANS LEUR PEAU<\/h3>\n<p>Le plus de cette expo \u00ab\u00a0Anti-clich\u00e9s\u00a0\u00bb\u00a0? Les t\u00e9moignages qui accompagnent chaque photo. Des paroles de femmes \u00e9panouies qui font un bien fou \u00e0 lire\u00a0! \u00ab\u00a0Pour moi, passer le cap de la quarantaine, c\u2019est profiter\u00a0!\u00a0\u00bb, \u00ab\u00a0Plus je m\u00fbris, moins je me focalise sur mes petits d\u00e9fauts \u00bb, \u00ab\u00a0Je ne me suis jamais sentie aussi belle depuis que je suis m\u00e8re\u00a0\u00bb\u2026 Autant de mani\u00e8res de s\u2019accepter, de s\u2019\u00e9panouir et de dire (enfin) stop aux complexes.<\/p>\n<p>(1) Enqu\u00eate men\u00e9e aupr\u00e8s de 7 500\u00a0Fran\u00e7aises par le d\u00e9partement d\u2019\u00e9tudes CCM Benchmark pour \u00ab\u00a0le Journal des femmes\u00a0\u00bb et Lindt, 2011.<\/p>\n<p>(2)\u00a0Etude r\u00e9alis\u00e9e par Ipsos pour Balsamik, 2013<\/p>\n<p>Expo Anti-clich\u00e9s, jusqu\u2019au 6 juillet, \u00e0 Paris, sur le parvis de la Gare Saint-Lazare (75 008).<\/p>\n<p>01.07.2015<br \/>\nSource: <a href=\"http:\/\/www.mariefrance.fr\/psycho\/ca-fait-du-bien\/une-expo-anti-cliches-signee-oliviero-toscani-189224.html\">mariefrance.fr<\/a><\/p>\n","protected":false},"excerpt":{"rendered":"<p>\u00ab\u00a0Ce projet m\u2019a tout de suite int\u00e9ress\u00e9 car il me donne l\u2019occasion de mettre en pratique une intuition que j\u2019ai depuis des ann\u00e9es : la femme qui assume son v\u00e9cu, loin de la beaut\u00e9 uniforme des jeunes mannequins, est tr\u00e8s<a class=\"more\" href=\"https:\/\/blog.olivierotoscanistudio.com\/?p=4116\">Leggi &rarr;<\/a><\/p>\n","protected":false},"author":3,"featured_media":0,"comment_status":"open","ping_status":"closed","sticky":true,"template":"","format":"standard","meta":{"footnotes":""},"categories":[792],"tags":[],"aioseo_notices":[],"_links":{"self":[{"href":"https:\/\/blog.olivierotoscanistudio.com\/index.php?rest_route=\/wp\/v2\/posts\/4116"}],"collection":[{"href":"https:\/\/blog.olivierotoscanistudio.com\/index.php?rest_route=\/wp\/v2\/posts"}],"about":[{"href":"https:\/\/blog.olivierotoscanistudio.com\/index.php?rest_route=\/wp\/v2\/types\/post"}],"author":[{"embeddable":true,"href":"https:\/\/blog.olivierotoscanistudio.com\/index.php?rest_route=\/wp\/v2\/users\/3"}],"replies":[{"embeddable":true,"href":"https:\/\/blog.olivierotoscanistudio.com\/index.php?rest_route=%2Fwp%2Fv2%2Fcomments&post=4116"}],"version-history":[{"count":6,"href":"https:\/\/blog.olivierotoscanistudio.com\/index.php?rest_route=\/wp\/v2\/posts\/4116\/revisions"}],"predecessor-version":[{"id":4141,"href":"https:\/\/blog.olivierotoscanistudio.com\/index.php?rest_route=\/wp\/v2\/posts\/4116\/revisions\/4141"}],"wp:attachment":[{"href":"https:\/\/blog.olivierotoscanistudio.com\/index.php?rest_route=%2Fwp%2Fv2%2Fmedia&parent=4116"}],"wp:term":[{"taxonomy":"category","embeddable":true,"href":"https:\/\/blog.olivierotoscanistudio.com\/index.php?rest_route=%2Fwp%2Fv2%2Fcategories&post=4116"},{"taxonomy":"post_tag","embeddable":true,"href":"https:\/\/blog.olivierotoscanistudio.com\/index.php?rest_route=%2Fwp%2Fv2%2Ftags&post=4116"}],"curies":[{"name":"wp","href":"https:\/\/api.w.org\/{rel}","templated":true}]}}