{"id":4004,"date":"2015-05-13T16:17:19","date_gmt":"2015-05-13T15:17:19","guid":{"rendered":"http:\/\/blog.olivierotoscanistudio.com\/?p=4004"},"modified":"2015-05-13T16:17:19","modified_gmt":"2015-05-13T15:17:19","slug":"da-oliviero-toscani-a-uwe-ommer-torna-il-toscana-foto-festival-e-si-apre-al-web-ilgiunco-net-13-05-2015","status":"publish","type":"post","link":"https:\/\/blog.olivierotoscanistudio.com\/?p=4004","title":{"rendered":"Da Oliviero Toscani a Uwe Ommer torna il Toscana Foto Festival e si apre al web (ilgiunco.net \/13.05.2015)"},"content":{"rendered":"<p><strong>La XXIII edizione lancia per la prima volta in Italia il concorso fotografico pi\u00f9 grande del mondo, il Wiki Loves Monuments. E poi workshop con grandi nomi della fotografia come Fontana, Toscani, Ommer, Benedusi, mostre e premi per giovani<\/strong><\/p>\n<p>MASSA MARITTIMA \u2013\u00a0Una edizione nel segno del web e dei giovani con il lancio del concorso fotografico pi\u00f9 grande del mondo. Sar\u00e0 questo il <strong>Toscana Foto Festival 2015<\/strong> che si svolger\u00e0 dall\u2019<strong>11 luglio al 9 agosto a Massa Marittima<\/strong>, nel cuore dell\u2019Alta Maremma. Un appuntamento, nato dalla volont\u00e0 del Gruppo Fotografico Massa Marittima e sostenuto dal Comune e da importanti sponsor privati, ormai consolidato a livello nazionale e internazionale con la direzione artistica di un grande fotografo come Franco Fontana.<\/p>\n<p>Quest\u2019anno la rassegna, presentata a Firenze in una conferenza stampa, guarda al futuro con importanti novit\u00e0 che si affiancano alla programmazione tradizionale con i workshop di grandi maestri (tra questi Oliviero Toscani, Uwe Ommer e lo stesso Franco Fontana), mostre e premi dedicati ai giovani. La novit\u00e0 pi\u00f9 importante riguarda l\u2019inedita collaborazione tra Comune di Massa Marittima, Toscana Foto Festival e Wikimedia Italia con l\u2019organizzazione di un workshop di due giornate all\u2019interno del Toscana Foto Festival che avr\u00e0 come oggetto un safari fotografico e un approfondimento su come \u00e8 possibile rilasciare le immagini con licenza libera per l\u2019uso nei progetti Wikimedia, dando il giusto risalto al loro autore.<\/p>\n<p>Sono inoltre in fase di definizione un premio speciale Wiki Loves Monuments dedicato a Massa Marittima e al paesaggio delle Colline Metallifere e un evento di premiazione dei vincitori in occasione di una mostra con le migliori fotografie partecipanti al concorso. La partnership risponde alla volont\u00e0 di continuare a migliorare il livello qualitativo del concorso, che ha lo scopo di preservare la memoria storica dei monumenti italiani arricchendo Wikimedia Commons, il grande database di immagini di Wikipedia.<\/p>\n<p>\u201cSiamo felici di questa nuova collaborazione \u2013 commenta Andrea Zanni, Presidente di Wikimedia Italia \u2013\u00a0 perch\u00e9 Wiki Loves Monuments e Wikipedia in generale non deve n\u00e9 vuole essere un sistema chiuso in s\u00e9 stesso. Gi\u00e0 nel nome, la open culture afferma di essere aperta; ci\u00f2 che \u00e8 importante \u00e8 unire le capacit\u00e0 di ciascuno di noi perch\u00e9 tutti possano goderne i frutti chiedendo alle istituzioni di adeguare, alla luce delle nuove tecnologie, la normativa della tutela del patrimonio artistico e culturale italiano non pienamente valorizzato. Infatti l\u2019Italia\u00a0 \u2013 aggiunge \u2013 \u00e8 l\u2019unico paese in Europa, dove per poter pubblicare fotografie dei beni culturali occorre una autorizzazione del titolare dei diritti del bene, e questo ne limita molto la conoscenza. Ad oggi Wikimedia ha l\u2019autorizzazione per pubblicare le foto di solo 4500 monumenti a fronte di una potenzialit\u00e0 immensa\u201d.<\/p>\n<p>\u201cIl Toscana Foto Festival guarda al futuro ed \u00e8 sempre pi\u00f9 al centro dell\u2019arte fotografica \u2013 ha sottolineato Marco Paperini assessore alla cultura del Comune di Massa Marittima \u2013 affiancando alla tradizione di un appuntamento ultra decennale nuovi progetti e contaminazioni rivolti ai giovani grazie ai nuovi mezzi di comunicazione come il web. L\u2019obiettivo \u00e8 quello di far conoscere la rassegna, e Massa Marittima con le sue grandi risorse storico e culturali e paesaggistiche,\u00a0 ad un pubblico sempre pi\u00f9 ampio con una rassegna che durer\u00f2 tutto l\u2019anno\u201d.<\/p>\n<p>Il programma della manifestazione prevede gli workshop tematici, dall\u201911 al 25 luglio, con Olivero Toscani, Settimio Benedusi, Franco Fontana, Alex Mezzenga, Francesco Anselmi, Alberto Buzzanca, Davide Giglio, Uwe Ommer. Inoltre \u00e8 gi\u00e0 attivo un workshop organizzato in collaborazione con il Museo Pecci di Prato curato dal fotografo\u00a0 Riccardo Zipoli e dedicato ai ragazzi delle scuole medie che realizzeranno delle fotografie sulle strade e gli asfalti di Massa Marittima. Scatti che poi culmineranno in una mostra a settembre insieme ad un \u2018opera di Franco Fontana. Inoltre mostre fotografiche e le serate con proiezioni e incontri con l\u2019autore, letture portfolio legate ai concorsi fotografici: momenti di confronto dove i giovani\u00a0 incontrano i critici e si discute di fotografia.\u00a0 Le mostre fotografiche si apriranno l\u201911 luglio e rimarranno aperte ad ingresso libero fino al 9 agosto.<\/p>\n<p>Per info e programma:\u00a0<strong><a href=\"http:\/\/www.toscanafotofestival.com\/\" target=\"_blank\">www.toscanafotofestival.com<\/a><\/strong><\/p>\n<p>Registration\/Workshop: \u00a0<strong><a href=\"http:\/\/www.toscanafotofestival.com\/workshops\/oliviero-toscani-eng\/\">Oliviero Toscani (July 16-18)<\/a><\/strong><br \/>\n13.05.2015<br \/>\nSource: <a href=\"http:\/\/www.ilgiunco.net\/2015\/05\/13\/da-oliviero-toscani-a-uwe-ommer-torna-il-toscana-foto-festival-e-si-apre-al-web\/\">\u00a0ilgiunco.net<\/a><\/p>\n<p><a href=\"https:\/\/blog.olivierotoscanistudio.com\/wp-content\/uploads\/2015\/05\/biografia.jpg\" rel=\"lightbox[4004]\"><img loading=\"lazy\" decoding=\"async\" class=\"size-full wp-image-4005 alignleft\" src=\"https:\/\/blog.olivierotoscanistudio.com\/wp-content\/uploads\/2015\/05\/biografia.jpg\" alt=\"biografia\" width=\"197\" height=\"262\" \/><\/a><\/p>\n","protected":false},"excerpt":{"rendered":"<p>La XXIII edizione lancia per la prima volta in Italia il concorso fotografico pi\u00f9 grande del mondo, il Wiki Loves Monuments. E poi workshop con grandi nomi della fotografia come Fontana, Toscani, Ommer, Benedusi, mostre e premi per giovani MASSA<a class=\"more\" href=\"https:\/\/blog.olivierotoscanistudio.com\/?p=4004\">Leggi &rarr;<\/a><\/p>\n","protected":false},"author":3,"featured_media":0,"comment_status":"open","ping_status":"closed","sticky":true,"template":"","format":"standard","meta":{"footnotes":""},"categories":[28,4],"tags":[],"aioseo_notices":[],"_links":{"self":[{"href":"https:\/\/blog.olivierotoscanistudio.com\/index.php?rest_route=\/wp\/v2\/posts\/4004"}],"collection":[{"href":"https:\/\/blog.olivierotoscanistudio.com\/index.php?rest_route=\/wp\/v2\/posts"}],"about":[{"href":"https:\/\/blog.olivierotoscanistudio.com\/index.php?rest_route=\/wp\/v2\/types\/post"}],"author":[{"embeddable":true,"href":"https:\/\/blog.olivierotoscanistudio.com\/index.php?rest_route=\/wp\/v2\/users\/3"}],"replies":[{"embeddable":true,"href":"https:\/\/blog.olivierotoscanistudio.com\/index.php?rest_route=%2Fwp%2Fv2%2Fcomments&post=4004"}],"version-history":[{"count":3,"href":"https:\/\/blog.olivierotoscanistudio.com\/index.php?rest_route=\/wp\/v2\/posts\/4004\/revisions"}],"predecessor-version":[{"id":4008,"href":"https:\/\/blog.olivierotoscanistudio.com\/index.php?rest_route=\/wp\/v2\/posts\/4004\/revisions\/4008"}],"wp:attachment":[{"href":"https:\/\/blog.olivierotoscanistudio.com\/index.php?rest_route=%2Fwp%2Fv2%2Fmedia&parent=4004"}],"wp:term":[{"taxonomy":"category","embeddable":true,"href":"https:\/\/blog.olivierotoscanistudio.com\/index.php?rest_route=%2Fwp%2Fv2%2Fcategories&post=4004"},{"taxonomy":"post_tag","embeddable":true,"href":"https:\/\/blog.olivierotoscanistudio.com\/index.php?rest_route=%2Fwp%2Fv2%2Ftags&post=4004"}],"curies":[{"name":"wp","href":"https:\/\/api.w.org\/{rel}","templated":true}]}}