{"id":3902,"date":"2015-04-29T19:15:29","date_gmt":"2015-04-29T18:15:29","guid":{"rendered":"http:\/\/blog.olivierotoscanistudio.com\/?p=3902"},"modified":"2015-04-29T19:15:29","modified_gmt":"2015-04-29T18:15:29","slug":"in-veneto-mi-candido-per-il-bere-comune-dai-tavoli-dellosteria-lorenzo-manfro-lancia-la-sfida-elettorale-savona-news-29-04-2015","status":"publish","type":"post","link":"https:\/\/blog.olivierotoscanistudio.com\/?p=3902","title":{"rendered":"&#8220;In Veneto mi candido per il bere comune&#8221;: dai tavoli dell&#8217;osteria Lorenzo Manfro lancia la sfida elettorale (Savona News \/29.04.2015)"},"content":{"rendered":"<h2><a href=\"https:\/\/blog.olivierotoscanistudio.com\/wp-content\/uploads\/2015\/04\/l_15380cbdd1.jpg\" rel=\"lightbox[lb696775]\"><img loading=\"lazy\" decoding=\"async\" title=\"\" src=\"https:\/\/blog.olivierotoscanistudio.com\/wp-content\/uploads\/2015\/04\/l_32dab41342.jpg\" alt=\"\" width=\"510\" height=\"317\" border=\"0\" \/><\/a><\/h2>\n<h2>A met\u00e0 tra serio e faceto, l&#8217;avvocato 44enne ha raccolto numerose candidature, tra cui quella del fotografo Oliviero Toscani e del finalese Matteo Pelucchi<\/h2>\n<p>\u201c<i>In Veneto mi candido per il bere comune<\/i>\u201d. Parte dai tavoli dell\u2019osteria la sfida di Lorenzo Manfro, che una decina di giorni fa ha deciso di candidarsi alle elezioni regionali 2015 venete.<\/p>\n<p>\u201c<i>Attualmente<\/i>, spiega uno dei portavoce del gruppo contatto via telefono,<i>stiamo lavorando affinch\u00e8 Manfro possa candidarsi. La scadenza per la presentazione delle liste del 2 maggio \u00e8 imminente, ma lui sta lavorando concretamente sul territorio. E\u2019 molto impegnato con il tour elettorale \u201cIl bere vincer\u00e0 sul male\u201d e nel weekend ha partecipato attivamente alla raccolta firma nelle osterie ed enoteche del Veneto<\/i>\u201d.<\/p>\n<p>La campagna elettorale di Lorenzo Manfro, 46enne avvocato, \u00e8 partita da facebook, ma in breve tempo ha travalicato i confini della regione. La pagina \u201cManfro Governatore\u201d ha raccolto in breve tempo 1.036\u00a0 \u201cMi piace\u201d, ma soprattutto decine di candidature, serie o scherzose che siano, per le elezioni regionali in Veneto. \u00a0L\u2019endorsement pi\u00f9 celebre a suo favore \u00e8 quello fatto pochi giorni fa dal fotografo Oliviero Toscani, che ha dichiarato:\u201d<i>Anch&#8217;io sto col Manfro per il Bere Comune; sar\u00f2 Assessore alla Cultura Etilica. Mi batter\u00f2 perch\u00e9 il Veneto venga riconosciuto quale Beverly Hills italiana<\/i>&#8220;.<\/p>\n<p>Tra i candidati consiglieri anche il finalese Matteo Pelucchi, 36 anni, da quindici operaio dello stabilimento Piaggio, con una grande passione politica, che in passato lo aveva portato a candidarsi nella lista dell\u2019ex sindaco di Finale Ligure Flaminio Richeri.<\/p>\n<p>\u201c<i>Abbiamo aperto le VINarie \u201cOnWine<\/i>\u201d, prosegue il portavoce, <i>tramite il profilo facebook.\u00a0La societ\u00e0 \u201cEtilicos\u201d ci ha fornito i primi risultati e per ora ha ottenuto il maggior numero di preferenze Alessia Zambon. Al secondo posto Cristina Ronchi e poi Andrea Varsori&#8221;<\/i>.<\/p>\n<p>Serio o faceto che sia in realt\u00e0 quella di Lorenzo Manfro vuole essere una riflessione profonda su una regione colpita duramente dalla crisi economica. \u201c<i>Siamo stanchi di questa politica, che non risolve i problemi. Ci sono imprenditori che tolgono il tetto alle aziende per non pagare l\u2019Imu: la situazione diventa sempre pi\u00f9 grave<\/i>\u201d.<\/p>\n<div class=\"news_single_gallery\">\n<div class=\"news_single_gallery_el\"><a href=\"https:\/\/blog.olivierotoscanistudio.com\/wp-content\/uploads\/2015\/04\/l_c44739b0a1.jpg\" rel=\"lightbox[lb696775]\"><img loading=\"lazy\" decoding=\"async\" title=\"\" src=\"https:\/\/blog.olivierotoscanistudio.com\/wp-content\/uploads\/2015\/04\/l_d305de7de7.jpg\" alt=\"\" width=\"88\" height=\"66\" border=\"0\" \/><\/a>\u00a0\u00a0<a href=\"https:\/\/blog.olivierotoscanistudio.com\/wp-content\/uploads\/2015\/04\/l_37ec219f97.jpg\" rel=\"lightbox[lb696775]\"><img loading=\"lazy\" decoding=\"async\" title=\"\" src=\"https:\/\/blog.olivierotoscanistudio.com\/wp-content\/uploads\/2015\/04\/l_1c8bbb3e30.jpg\" alt=\"\" width=\"88\" height=\"66\" border=\"0\" \/><\/a>\u00a0\u00a0<a href=\"https:\/\/blog.olivierotoscanistudio.com\/wp-content\/uploads\/2015\/04\/m_8ce7b10488.jpg rel=\"><img loading=\"lazy\" decoding=\"async\" title=\"\" src=\"https:\/\/blog.olivierotoscanistudio.com\/wp-content\/uploads\/2015\/04\/m_eb391da6d5.jpg\" alt=\"\" width=\"88\" height=\"66\" border=\"0\" \/><\/a>\u00a0<a href=\"https:\/\/blog.olivierotoscanistudio.com\/wp-content\/uploads\/2015\/04\/o_4c0145e7d2.jpg\" rel=\"lightbox[lb696775]\"><img loading=\"lazy\" decoding=\"async\" title=\"\" src=\"https:\/\/blog.olivierotoscanistudio.com\/wp-content\/uploads\/2015\/04\/o_1492d8fd85.jpg\" alt=\"\" width=\"88\" height=\"66\" border=\"0\" \/><\/a><\/div>\n<div class=\"news_single_gallery_el\"><\/div>\n<div class=\"news_single_gallery_el\"><\/div>\n<div class=\"news_single_gallery_el\">29.04.2015<\/div>\n<div class=\"news_single_gallery_el\">source:\u00a0<a href=\"http:\/\/www.savonanews.it\/2015\/04\/28\/leggi-notizia\/argomenti\/politica-2\/articolo\/in-veneto-mi-candido-per-il-bere-comune-dai-tavoli-dellosteria-lorenzo-manfro-lancia-la-sfida-el-1.html\">savonanews.it<\/a><\/div>\n<div class=\"news_single_gallery_el\"><\/div>\n<div class=\"news_single_gallery_el\"><\/div>\n<\/div>\n","protected":false},"excerpt":{"rendered":"<p>A met\u00e0 tra serio e faceto, l&#8217;avvocato 44enne ha raccolto numerose candidature, tra cui quella del fotografo Oliviero Toscani e del finalese Matteo Pelucchi \u201cIn Veneto mi candido per il bere comune\u201d. Parte dai tavoli dell\u2019osteria la sfida di Lorenzo<a class=\"more\" href=\"https:\/\/blog.olivierotoscanistudio.com\/?p=3902\">Leggi &rarr;<\/a><\/p>\n","protected":false},"author":3,"featured_media":0,"comment_status":"open","ping_status":"closed","sticky":true,"template":"","format":"standard","meta":{"footnotes":""},"categories":[28],"tags":[],"aioseo_notices":[],"_links":{"self":[{"href":"https:\/\/blog.olivierotoscanistudio.com\/index.php?rest_route=\/wp\/v2\/posts\/3902"}],"collection":[{"href":"https:\/\/blog.olivierotoscanistudio.com\/index.php?rest_route=\/wp\/v2\/posts"}],"about":[{"href":"https:\/\/blog.olivierotoscanistudio.com\/index.php?rest_route=\/wp\/v2\/types\/post"}],"author":[{"embeddable":true,"href":"https:\/\/blog.olivierotoscanistudio.com\/index.php?rest_route=\/wp\/v2\/users\/3"}],"replies":[{"embeddable":true,"href":"https:\/\/blog.olivierotoscanistudio.com\/index.php?rest_route=%2Fwp%2Fv2%2Fcomments&post=3902"}],"version-history":[{"count":11,"href":"https:\/\/blog.olivierotoscanistudio.com\/index.php?rest_route=\/wp\/v2\/posts\/3902\/revisions"}],"predecessor-version":[{"id":3927,"href":"https:\/\/blog.olivierotoscanistudio.com\/index.php?rest_route=\/wp\/v2\/posts\/3902\/revisions\/3927"}],"wp:attachment":[{"href":"https:\/\/blog.olivierotoscanistudio.com\/index.php?rest_route=%2Fwp%2Fv2%2Fmedia&parent=3902"}],"wp:term":[{"taxonomy":"category","embeddable":true,"href":"https:\/\/blog.olivierotoscanistudio.com\/index.php?rest_route=%2Fwp%2Fv2%2Fcategories&post=3902"},{"taxonomy":"post_tag","embeddable":true,"href":"https:\/\/blog.olivierotoscanistudio.com\/index.php?rest_route=%2Fwp%2Fv2%2Ftags&post=3902"}],"curies":[{"name":"wp","href":"https:\/\/api.w.org\/{rel}","templated":true}]}}