{"id":3862,"date":"2015-04-27T12:19:44","date_gmt":"2015-04-27T11:19:44","guid":{"rendered":"http:\/\/blog.olivierotoscanistudio.com\/?p=3862"},"modified":"2015-04-27T12:19:44","modified_gmt":"2015-04-27T11:19:44","slug":"comunicare-per-immagini-immagini-per-comunicare-domani-oliviero-toscani-al-muse-voce-del-trentino-26-04-2015","status":"publish","type":"post","link":"https:\/\/blog.olivierotoscanistudio.com\/?p=3862","title":{"rendered":"\u00abComunicare per immagini. Immagini per comunicare\u00bb: domani Oliviero Toscani al MUSE ( Voce Del Trentino \/26.04.2015)"},"content":{"rendered":"<p><a href=\"https:\/\/blog.olivierotoscanistudio.com\/wp-content\/uploads\/2015\/04\/oliviero-toscani.jpg\" rel=\"lightbox[3862]\"><img loading=\"lazy\" decoding=\"async\" class=\"aligncenter size-full wp-image-3863\" src=\"https:\/\/blog.olivierotoscanistudio.com\/wp-content\/uploads\/2015\/04\/oliviero-toscani.jpg\" alt=\"oliviero-toscani\" width=\"650\" height=\"472\" srcset=\"https:\/\/blog.olivierotoscanistudio.com\/wp-content\/uploads\/2015\/04\/oliviero-toscani.jpg 650w, https:\/\/blog.olivierotoscanistudio.com\/wp-content\/uploads\/2015\/04\/oliviero-toscani-300x217.jpg 300w\" sizes=\"(max-width: 650px) 100vw, 650px\" \/><\/a><\/p>\n<p align=\"justify\">\u00c8 gi\u00e0 tutto esaurito al <strong>MUSE <\/strong>per l\u2019incontro <em><strong>\u201cComunicare per immagini. Immagini per comunicare\u201d<\/strong><\/em>, che si svolger\u00e0 il prossimo luned\u00ec 27 aprile alle 20.45 con la presenza del guru della comunicazione visiva e fotografo <strong>Oliviero Toscani<\/strong>.<\/p>\n<p align=\"justify\">L\u2019appuntamento ha l\u2019obiettivo di sviscerare &#8211; con l&#8217;aiuto di tre testimonianze di grande esperienza &#8211; le frontiere della comunicazione visiva, con particolare riferimento alla comunicazione museale e scientifica. Argomenti del dibattito saranno quindi quanto incide la consapevolezza del valore dell&#8217;immagine nelle scelte promozionali di un&#8217;istituzione culturale e quali interazioni virtuose si possono creare fra <strong>scienza e comunicazione.<\/strong><\/p>\n<p align=\"justify\">L\u2019incontro avr\u00e0 come ospite d\u2019eccezione Oliviero Toscani, cui far\u00e0 da contraltare scientifico, <strong>Michael John Gorman<\/strong>, CEO della Science Gallery, Dublino. Modera l\u2019incontro <strong>Massimiano Bucchi<\/strong>, professore di Scienza, Tecnologia e Societ\u00e0 all&#8217;Universit\u00e0 di Trento.<\/p>\n<p align=\"justify\">Nella societ\u00e0 odierna \u00e8 sempre pi\u00f9 importante trovare e selezionare le informazioni in modo immediato, semplice ed efficace, trasmettendo sensazioni, concetti, stili di vita e valori, prima ancora di dati che \u2013 per risultare efficaci richiedano un&#8217;analisi da parte del ricevente. Ecco dunque il ruolo chiave assunto dall&#8217;immagine, <em>&#8220;catalizzatore&#8221;<\/em> per tutti i procedimenti di comunicazione.<\/p>\n<p align=\"justify\">La comunicazione per immagini, grazie al suo forte potere di richiamo, alla sua immediata comprensibilit\u00e0 e alla facilit\u00e0 di memorizzazione, permette di raggiungere il massimo effetto nel pi\u00f9 breve tempo possibile. Se \u00e8 vero che l&#8217;immagine pu\u00f2 servire da <em>&#8220;esca<\/em>&#8221; per catturare l&#8217;attenzione e leggere nel dettaglio il messaggio che si vuole trasmettere, \u00e8 altres\u00ec vero che il lettore si sofferma sull'&#8221;<em>analisi&#8221; <\/em>di quanto comunicato solo se interessato in quel momento. \u00c8 quindi la sensazione immediata a determinare l&#8217;importanza della comunicazione e questo compito \u00e8 affidato prevalentemente all&#8217;immagine.<\/p>\n<p align=\"justify\"><strong>Oliviero Toscani<\/strong><\/p>\n<p align=\"justify\">E&#8217; conosciuto come la forza creativa dietro i pi\u00f9 famosi giornali e marchi del mondo, creatore di immagini corporate e campagne pubblicitarie. Tra gli ultimi progetti: la collaborazione con il Ministero dell&#8217;Ambiente e della Salute, con la Regione Calabria, con la Fondazione Umberto Veronesi e la realizzazione di alcune campagne di interesse e impegno sociale dedicate alla sicurezza stradale, all&#8217;anoressia, alla violenza contro le donne e contro il randagismo. Toscani ha insegnato comunicazione visiva in svariate universit\u00e0. E&#8217; socio onorario della European Academy of Sciences and Arts.<\/p>\n<p align=\"justify\"><strong>Michael John Gorman<\/strong><\/p>\n<p align=\"justify\">Con l&#8217;intento di dar vita a &#8220;collisioni creative&#8221; tra scienza e arte, Michael John Gorman, CEO Science Gallery International e responsabile del Brand e del Marketing della Science Gallery di Dublino, \u00e8 tra i fondatori della rete Science Gallery International, una start up non-profit con sede a Dublino, sovvenzionata grazie al supporto del Global Science Gallery Network.<\/p>\n<p align=\"justify\">Intento della start up \u00e8 sviluppare una rete di Gallerie, in accordo con le maggiori universit\u00e0 di grandi centri urbani di tutto il mondo, per condividere nuove idee, esperimenti e mostre e implementare l&#8217;innovativo modello di attivit\u00e0 per il pubblico legate alle interconnessioni tra arte e scienza che caratterizza lo stile della Science Gallery di Dublino.<\/p>\n<p align=\"justify\"><strong>Massimiano Bucchi<\/strong><\/p>\n<p align=\"justify\">E&#8217; professore di Scienza, Tecnologia e Societ\u00e0 all&#8217;Universit\u00e0 di Trento. E&#8217; stato visiting professor in numerose istituzioni accademiche in Asia, Europa e Nord America. Ha pubblicato una decina di libri (editi in Italia, Stati Uniti, Regno Unito, Cina, Corea, Brasile) con Routledge, Cortina, il Mulino e saggi su riviste internazionali quali Nature, Science e Public Understanding of Science. Ha ideato e cura dal 2005 L&#8217;Annuario Scienza e Societ\u00e0 (il Mulino).<\/p>\n<p align=\"justify\">Il suo libro pi\u00f9 recente \u00e8 Il Pollo di Newton. La Scienza in Cucina (Guanda, 2013). Scrive di scienza e tecnologia per quotidiani (Repubblica, La Stampa-TuttoScienze, Nova24-Sole24Ore).<\/p>\n<p>26.04.2015<br \/>\nSource: <a href=\"http:\/\/lavocedeltrentino.it\/index.php\/breaking-news-trentino\/20060-comunicare-per-immagini-immagini-per-comunicare-domani-oliviero-toscani-al-muse\">http:\/\/lavocedeltrentino.it<\/a><\/p>\n","protected":false},"excerpt":{"rendered":"<p>\u00c8 gi\u00e0 tutto esaurito al MUSE per l\u2019incontro \u201cComunicare per immagini. Immagini per comunicare\u201d, che si svolger\u00e0 il prossimo luned\u00ec 27 aprile alle 20.45 con la presenza del guru della comunicazione visiva e fotografo Oliviero Toscani. L\u2019appuntamento ha l\u2019obiettivo di<a class=\"more\" href=\"https:\/\/blog.olivierotoscanistudio.com\/?p=3862\">Leggi &rarr;<\/a><\/p>\n","protected":false},"author":3,"featured_media":0,"comment_status":"open","ping_status":"closed","sticky":true,"template":"","format":"standard","meta":{"footnotes":""},"categories":[28,4],"tags":[],"aioseo_notices":[],"_links":{"self":[{"href":"https:\/\/blog.olivierotoscanistudio.com\/index.php?rest_route=\/wp\/v2\/posts\/3862"}],"collection":[{"href":"https:\/\/blog.olivierotoscanistudio.com\/index.php?rest_route=\/wp\/v2\/posts"}],"about":[{"href":"https:\/\/blog.olivierotoscanistudio.com\/index.php?rest_route=\/wp\/v2\/types\/post"}],"author":[{"embeddable":true,"href":"https:\/\/blog.olivierotoscanistudio.com\/index.php?rest_route=\/wp\/v2\/users\/3"}],"replies":[{"embeddable":true,"href":"https:\/\/blog.olivierotoscanistudio.com\/index.php?rest_route=%2Fwp%2Fv2%2Fcomments&post=3862"}],"version-history":[{"count":2,"href":"https:\/\/blog.olivierotoscanistudio.com\/index.php?rest_route=\/wp\/v2\/posts\/3862\/revisions"}],"predecessor-version":[{"id":3865,"href":"https:\/\/blog.olivierotoscanistudio.com\/index.php?rest_route=\/wp\/v2\/posts\/3862\/revisions\/3865"}],"wp:attachment":[{"href":"https:\/\/blog.olivierotoscanistudio.com\/index.php?rest_route=%2Fwp%2Fv2%2Fmedia&parent=3862"}],"wp:term":[{"taxonomy":"category","embeddable":true,"href":"https:\/\/blog.olivierotoscanistudio.com\/index.php?rest_route=%2Fwp%2Fv2%2Fcategories&post=3862"},{"taxonomy":"post_tag","embeddable":true,"href":"https:\/\/blog.olivierotoscanistudio.com\/index.php?rest_route=%2Fwp%2Fv2%2Ftags&post=3862"}],"curies":[{"name":"wp","href":"https:\/\/api.w.org\/{rel}","templated":true}]}}