{"id":3840,"date":"2015-04-23T13:07:45","date_gmt":"2015-04-23T12:07:45","guid":{"rendered":"http:\/\/blog.olivierotoscanistudio.com\/?p=3840"},"modified":"2015-04-23T13:07:45","modified_gmt":"2015-04-23T12:07:45","slug":"il-mercato-di-san-lorenzo-in-festa-con-la-gara-di-cucina-corriere-fiorentino-23-04-2015","status":"publish","type":"post","link":"https:\/\/blog.olivierotoscanistudio.com\/?p=3840","title":{"rendered":"Il mercato di San Lorenzo in festa, con la gara di cucina (Corriere Fiorentino \/ 23.04.2015)"},"content":{"rendered":"<p><strong>Gioved\u00ec 23 aprile \u00e8 il primo compleanno del nuovo mercato centrale. E la sfida di chi cucina in casa. Oliviero Toscani presidente di giuria<\/strong><br \/>\n<a href=\"https:\/\/blog.olivierotoscanistudio.com\/wp-content\/uploads\/2015\/04\/4601.0.313163189-kclD-U46010320411246ulC-1224x916@CorriereFiorentino-Web-Firenze-593x443.jpg\" rel=\"lightbox[3840]\"><img loading=\"lazy\" decoding=\"async\" class=\"aligncenter size-full wp-image-3841\" src=\"https:\/\/blog.olivierotoscanistudio.com\/wp-content\/uploads\/2015\/04\/4601.0.313163189-kclD-U46010320411246ulC-1224x916@CorriereFiorentino-Web-Firenze-593x443.jpg\" alt=\"4601.0.313163189-kclD-U46010320411246ulC-1224x916@CorriereFiorentino-Web-Firenze-593x443\" width=\"593\" height=\"443\" srcset=\"https:\/\/blog.olivierotoscanistudio.com\/wp-content\/uploads\/2015\/04\/4601.0.313163189-kclD-U46010320411246ulC-1224x916@CorriereFiorentino-Web-Firenze-593x443.jpg 593w, https:\/\/blog.olivierotoscanistudio.com\/wp-content\/uploads\/2015\/04\/4601.0.313163189-kclD-U46010320411246ulC-1224x916@CorriereFiorentino-Web-Firenze-593x443-300x224.jpg 300w\" sizes=\"(max-width: 593px) 100vw, 593px\" \/><\/a><\/p>\n<p><strong>Sfida ai fornelli<\/strong><br \/>\n\u00c8 a loro che guarda: \u00abFatto in casa \u00e8 fatto bene, anche meglio che a ristorante o in tv a volte\u00bb. A loro pensa quando ha ideato il \u00abMestolo di legno alla tradizione\u00bb, la gara di cucina domestica con cui domani celebrer\u00e0 il primo compleanno del \u00abnuovo\u00bb Mercato Centrale. Con una giuria di 30 esperti (dieci chef, dieci giornalisti e critici e dieci rappresentanti del Mercato e del quartiere di San Lorenzo) guidati da Oliviero Toscani a giudicare gli \u00absformati e sformatini\u00bb, da cui il contest prende tema e titolo, in nome della tradizione e della cucina casalinga.<\/p>\n<p><strong>Un anno di successi<\/strong><br \/>\nQuello del Mercato \u00e8 stato un primo anno di successi: \u00abAbbiamo creato 250 nuovi posti di lavoro, 12 milioni di fatturato e pi\u00f9 di 1 milione e mezzo di visitatori. Possiamo ritenerci contenti\u00bb. Alle 18.30 il brindisi e alle 21 la premiazione del concorso. \u00abE con il brindisi cogliamo l\u2019occasione di lanciare un messaggio \u2013 prosegue \u2013 anzi \u201cil messaggio\u201d, il primo messaggio di cui il Mercato Centrale vuole farsi carico in toto ed esportarlo in giro per il mondo: quello che la cucina italiana, nella sua variet\u00e0 dalla Val d\u2019Aosta alla Sicilia, \u00e8 una grande storia di storie di cucina, che ha nelle nonne e nelle zie, nelle case e nelle famiglie le vere protagoniste\u00bb. Il \u00abmessaggio\u00bb, come lo chiama lui, \u00e8 proprio questo: in cucina la famiglia ritrova se stessa e tutti possono essere validi \u00abcucinieri di casa\u00bb, donne, uomini e anche bambini \u00abe non \u00e8 un caso se in questi tempi ho visto bambini pi\u00f9 orgogliosi di indossare un cappello da chef che un costume dell\u2019Uomo Ragno\u00bb. La festa sar\u00e0 in piazza con zucchero filato e giocolieri, degustazioni varie, con una famiglia di allevatori della montagna pistoiese che \u00abci insegna a curare la carne\u00bb, i colorati food trucks de La Toraia, Savini Tartufi, Savigni e Ar\u00e0, musica e spettacoli. Esportare il modello, dice Montano. \u00abPortare la filosofia del Mercato Centrale in giro per l\u2019Italia\u00bb.<\/p>\n<p><strong><br \/>\nOliviero Toscani in giuria<\/strong><br \/>\nMa dove, all\u2019Expo magari? \u00abEssere nati per noi \u00e8 gi\u00e0 di per s\u00e9 un omaggio all\u2019Expo \u2013 sorride l\u2019imprenditore \u2013 ma se troveremo occasioni per generare altri progetti al Padiglione Italia vedremo, ci stiamo ragionando, \u00e8 tutto molto in progress\u00bb. Oltre a Oliviero Toscani come presidente di giuria parteciperanno Annamaria Tossani in qualit\u00e0 di presentatrice e premiatrice.<\/p>\n<p>di Edoardo Semmola<br \/>\n23.04.2015<br \/>\nsource: <a href=\"http:\/\/corrierefiorentino.corriere.it\/firenze\/notizie\/vivitoscana\/15_aprile_22\/party-mercato-45254074-e911-11e4-8537-e35c9c156610.shtml\">http:\/\/corrierefiorentino.corriere.it<\/a><\/p>\n","protected":false},"excerpt":{"rendered":"<p>Gioved\u00ec 23 aprile \u00e8 il primo compleanno del nuovo mercato centrale. E la sfida di chi cucina in casa. Oliviero Toscani presidente di giuria Sfida ai fornelli \u00c8 a loro che guarda: \u00abFatto in casa \u00e8 fatto bene, anche meglio<a class=\"more\" href=\"https:\/\/blog.olivierotoscanistudio.com\/?p=3840\">Leggi &rarr;<\/a><\/p>\n","protected":false},"author":3,"featured_media":0,"comment_status":"open","ping_status":"closed","sticky":true,"template":"","format":"standard","meta":{"footnotes":""},"categories":[28,4],"tags":[],"aioseo_notices":[],"_links":{"self":[{"href":"https:\/\/blog.olivierotoscanistudio.com\/index.php?rest_route=\/wp\/v2\/posts\/3840"}],"collection":[{"href":"https:\/\/blog.olivierotoscanistudio.com\/index.php?rest_route=\/wp\/v2\/posts"}],"about":[{"href":"https:\/\/blog.olivierotoscanistudio.com\/index.php?rest_route=\/wp\/v2\/types\/post"}],"author":[{"embeddable":true,"href":"https:\/\/blog.olivierotoscanistudio.com\/index.php?rest_route=\/wp\/v2\/users\/3"}],"replies":[{"embeddable":true,"href":"https:\/\/blog.olivierotoscanistudio.com\/index.php?rest_route=%2Fwp%2Fv2%2Fcomments&post=3840"}],"version-history":[{"count":2,"href":"https:\/\/blog.olivierotoscanistudio.com\/index.php?rest_route=\/wp\/v2\/posts\/3840\/revisions"}],"predecessor-version":[{"id":3843,"href":"https:\/\/blog.olivierotoscanistudio.com\/index.php?rest_route=\/wp\/v2\/posts\/3840\/revisions\/3843"}],"wp:attachment":[{"href":"https:\/\/blog.olivierotoscanistudio.com\/index.php?rest_route=%2Fwp%2Fv2%2Fmedia&parent=3840"}],"wp:term":[{"taxonomy":"category","embeddable":true,"href":"https:\/\/blog.olivierotoscanistudio.com\/index.php?rest_route=%2Fwp%2Fv2%2Fcategories&post=3840"},{"taxonomy":"post_tag","embeddable":true,"href":"https:\/\/blog.olivierotoscanistudio.com\/index.php?rest_route=%2Fwp%2Fv2%2Ftags&post=3840"}],"curies":[{"name":"wp","href":"https:\/\/api.w.org\/{rel}","templated":true}]}}