{"id":3782,"date":"2015-03-31T06:11:34","date_gmt":"2015-03-31T05:11:34","guid":{"rendered":"http:\/\/blog.olivierotoscanistudio.com\/?p=3782"},"modified":"2015-03-31T06:11:34","modified_gmt":"2015-03-31T05:11:34","slug":"toscani-ambasciatore-del-chiaretto-giornale-larena-25-03-2015","status":"publish","type":"post","link":"https:\/\/blog.olivierotoscanistudio.com\/?p=3782","title":{"rendered":"Toscani ambasciatore del Chiaretto (Giornale L&#8217;Arena \/25.03.2015)"},"content":{"rendered":"<p>&nbsp;<\/p>\n<div id=\"attachment_3783\" style=\"width: 610px\" class=\"wp-caption alignleft\"><a href=\"https:\/\/blog.olivierotoscanistudio.com\/wp-content\/uploads\/2015\/03\/Oliviero-Toscani-e-Luca-Zaia.jpg\" rel=\"lightbox[3782]\"><img loading=\"lazy\" decoding=\"async\" aria-describedby=\"caption-attachment-3783\" class=\"size-full wp-image-3783\" src=\"https:\/\/blog.olivierotoscanistudio.com\/wp-content\/uploads\/2015\/03\/Oliviero-Toscani-e-Luca-Zaia.jpg\" alt=\"Oliviero Toscani e Luca Zaia\" width=\"600\" height=\"337\" srcset=\"https:\/\/blog.olivierotoscanistudio.com\/wp-content\/uploads\/2015\/03\/Oliviero-Toscani-e-Luca-Zaia.jpg 600w, https:\/\/blog.olivierotoscanistudio.com\/wp-content\/uploads\/2015\/03\/Oliviero-Toscani-e-Luca-Zaia-300x168.jpg 300w\" sizes=\"(max-width: 600px) 100vw, 600px\" \/><\/a><p id=\"caption-attachment-3783\" class=\"wp-caption-text\">Oliviero Toscani e Luca Zaia<\/p><\/div>\n<p>&nbsp;<\/p>\n<p>&nbsp;<\/p>\n<p>&nbsp;<\/p>\n<p>&nbsp;<\/p>\n<p>&nbsp;<\/p>\n<p>&nbsp;<\/p>\n<p>&nbsp;<\/p>\n<p>&nbsp;<\/p>\n<p>&nbsp;<\/p>\n<p>&nbsp;<\/p>\n<p>&nbsp;<\/p>\n<p>&nbsp;<\/p>\n<p>&nbsp;<\/p>\n<p>\u00c8 proprio al Vinitaly che Oliviero Toscani finisce per riappacificarsi con il Veneto e i Veneti dopo le polemiche suscitate con la sua frase \u00abVeneti popolo di ubriaconi e alcolizzati\u00bb pronunciata durante la trasmissione radiofonica \u00abLa Zanzara\u00bb.<br \/>\nIeri, in una giornata divisa tra la presenza in Fiera nello stand della sua azienda agricola toscana e la partecipazione ad eventi scaligeri incluso l&#8217;incontro rappacificatore con il governatore Luca Zaia, il celebre fotografo ha ricevuto la visita del sindaco di Bardolino Ivan De Beni accompagnato dal presidente del Consorzio di tutela del vino Bardolino Franco Cristoforetti che gli hanno consegnato l&#8217;invito ufficiale al Palio del Chiaretto in programma dal 5 al 7 giugno.<br \/>\nManifestazione all&#8217;interno della quale l&#8217;amministrazione lacustre insignir\u00e0 il celebre fotografo e artista dell&#8217;onorificenza di \u00abAmbasciatore nel mondo del vino Chiaretto\u00bb.<br \/>\n\u00abLo abbiamo contattato dopo aver saputo che sarebbe stato a Verona\u00bb, racconta De Beni. \u00abUna volta arrivati nel suo stand, dove con nostra sorpresa \u00e8 approdato anche Luciano Benetton, Toscani ci ha accolti con grande calore e simpatia. Ci ha invitati a sederci e assaggiare i suoi prodotti. Gli \u00e8 stata consegnata la busta contenente l&#8217;invito che ha ribadito essergli molto gradito. Tanto da aver anticipato che, compatibilmente con i suoi impegni, in occasione del Palio del Chiaretto cercher\u00e0 di fermarsi qualche giorno in pi\u00f9 sulle rive del lago perch\u00e9 \u00e8 molto curioso di conoscere questa zona della provincia di Verona\u00bb.<br \/>\nIl sindaco bardolinese sottolinea l&#8217;atteggiamento dell&#8217;artista \u00abche si \u00e8 rivelato persona molto semplice e altrettanto diretta tanto che non sono mancate le battute sulla vicenda che lo ha riguardato. Incontrandolo di persona abbiamo avuto la conferma delle qualit\u00e0 e dell&#8217;intelligenza di Toscani e dunque non possiamo che essere orgogliosi perch\u00e9 ha accettato il nostro invito e lo aspettiamo a braccia aperte\u00bb.<br \/>\nToscani, intervistato da L&#8217;Arena, aveva ribadito i suoi concetti con grande simpatia e ha ricordato che tra i suoi avi c&#8217;\u00e8 una nonna veronese. E ieri proprio alla Zanzara, dove tutto era iniziato, Zaia e Oliviero Toscani si sono incontrati: i due si sono stretti la mano in modo amichevole: \u00abSi \u00e8 inginocchiato e mi ha chiesto scusa\u00bb, ha scherzato il presidente della Regione.G.B.<\/p>\n<p>25.03.2015<\/p>\n<p>Source:\u00a0<a href=\"http:\/\/m.larena.it\/stories\/379_citta\/1107146_toscani_ambasciatore_del_chiaretto\/\">larena.it<\/a><\/p>\n<p>&nbsp;<\/p>\n","protected":false},"excerpt":{"rendered":"<p>&nbsp; &nbsp; &nbsp; &nbsp; &nbsp; &nbsp; &nbsp; &nbsp; &nbsp; &nbsp; &nbsp; &nbsp; &nbsp; &nbsp; \u00c8 proprio al Vinitaly che Oliviero Toscani finisce per riappacificarsi con il Veneto e i Veneti dopo le polemiche suscitate con la sua frase \u00abVeneti popolo<a class=\"more\" href=\"https:\/\/blog.olivierotoscanistudio.com\/?p=3782\">Leggi &rarr;<\/a><\/p>\n","protected":false},"author":3,"featured_media":0,"comment_status":"open","ping_status":"closed","sticky":true,"template":"","format":"standard","meta":{"footnotes":""},"categories":[28,4],"tags":[],"aioseo_notices":[],"_links":{"self":[{"href":"https:\/\/blog.olivierotoscanistudio.com\/index.php?rest_route=\/wp\/v2\/posts\/3782"}],"collection":[{"href":"https:\/\/blog.olivierotoscanistudio.com\/index.php?rest_route=\/wp\/v2\/posts"}],"about":[{"href":"https:\/\/blog.olivierotoscanistudio.com\/index.php?rest_route=\/wp\/v2\/types\/post"}],"author":[{"embeddable":true,"href":"https:\/\/blog.olivierotoscanistudio.com\/index.php?rest_route=\/wp\/v2\/users\/3"}],"replies":[{"embeddable":true,"href":"https:\/\/blog.olivierotoscanistudio.com\/index.php?rest_route=%2Fwp%2Fv2%2Fcomments&post=3782"}],"version-history":[{"count":3,"href":"https:\/\/blog.olivierotoscanistudio.com\/index.php?rest_route=\/wp\/v2\/posts\/3782\/revisions"}],"predecessor-version":[{"id":3786,"href":"https:\/\/blog.olivierotoscanistudio.com\/index.php?rest_route=\/wp\/v2\/posts\/3782\/revisions\/3786"}],"wp:attachment":[{"href":"https:\/\/blog.olivierotoscanistudio.com\/index.php?rest_route=%2Fwp%2Fv2%2Fmedia&parent=3782"}],"wp:term":[{"taxonomy":"category","embeddable":true,"href":"https:\/\/blog.olivierotoscanistudio.com\/index.php?rest_route=%2Fwp%2Fv2%2Fcategories&post=3782"},{"taxonomy":"post_tag","embeddable":true,"href":"https:\/\/blog.olivierotoscanistudio.com\/index.php?rest_route=%2Fwp%2Fv2%2Ftags&post=3782"}],"curies":[{"name":"wp","href":"https:\/\/api.w.org\/{rel}","templated":true}]}}