{"id":3765,"date":"2015-03-25T12:23:10","date_gmt":"2015-03-25T11:23:10","guid":{"rendered":"http:\/\/blog.olivierotoscanistudio.com\/?p=3765"},"modified":"2015-03-25T12:23:10","modified_gmt":"2015-03-25T11:23:10","slug":"toscani-cari-venetidovete-ringraziarmi-giornale-larena-24-03-2015","status":"publish","type":"post","link":"https:\/\/blog.olivierotoscanistudio.com\/?p=3765","title":{"rendered":"Toscani: cari veneti,dovete ringraziarmi (Giornale L&#8217;Arena \/ 24.03.2015)"},"content":{"rendered":"<h3>\u00abUbriaconi? S\u00ec, cos\u00ec ora potete dire senza complessi che vi piace il vino Le querele? Porter\u00f2 due milioni e mezzo di voi a testimoniare per me\u00bb<\/h3>\n<p>&nbsp;<\/p>\n<div id=\"attachment_3766\" style=\"width: 605px\" class=\"wp-caption alignleft\"><a href=\"https:\/\/blog.olivierotoscanistudio.com\/wp-content\/uploads\/2015\/03\/24_14_are_f1_269_1_resize_597_334.jpg\" rel=\"lightbox[3765]\"><img loading=\"lazy\" decoding=\"async\" aria-describedby=\"caption-attachment-3766\" class=\"size-full wp-image-3766\" src=\"https:\/\/blog.olivierotoscanistudio.com\/wp-content\/uploads\/2015\/03\/24_14_are_f1_269_1_resize_597_334.jpg\" alt=\"Il fotografo e creativo Oliviero Toscani, ieri al Vinitaly con la moglie \" width=\"595\" height=\"334\" srcset=\"https:\/\/blog.olivierotoscanistudio.com\/wp-content\/uploads\/2015\/03\/24_14_are_f1_269_1_resize_597_334.jpg 595w, https:\/\/blog.olivierotoscanistudio.com\/wp-content\/uploads\/2015\/03\/24_14_are_f1_269_1_resize_597_334-300x168.jpg 300w\" sizes=\"(max-width: 595px) 100vw, 595px\" \/><\/a><p id=\"caption-attachment-3766\" class=\"wp-caption-text\">Il fotografo e creativo Oliviero Toscani, ieri al Vinitaly con la moglie<\/p><\/div>\n<p>\u00abHo chiesto scusa, ma non credo di aver offeso i veneti, dicendo che sono tutti ubriaconi. Chi dice che chi beve sbaglia? Meglio bere vino che baciare banchi\u00bb.<br \/>\nOliviero Toscani non si muove di un millimetro dalle sue posizioni, che gi\u00e0 gli sono costate fior fior di denunce per diffamazione e, anzi, rischia di farsi anche qualche nemico in pi\u00f9.<br \/>\nIl fotografo provocatore, di professione e per natura, come ogni primavera \u00e8 tornato al Vinitaly per esporre i vini della sua azienda agricola OT, Oliviero Toscani. Nella patria di quelli che, alcune settimane fa, ha definito \u00abalcolizzati atavici\u00bb. Parole che avevano scatenato l&#8217;ira funesta del popolo veneto, a cominciare dal governatore Luca Zaia, che aveva tuonato contro Toscani, intimandogli di chiedere ufficialmente perdono. La lettera di scuse era arrivata, ma tra le righe si leggeva chiaro l&#8217;intento ironico e nemmeno troppo velatamente beffardo. \u00abHo impiegato un&#8217;intera notte a scriverla\u00bb, svela il fotografo. \u00abHo chiesto scusa, ma in realt\u00e0 io non ritengo di aver offeso i veneti. Anzi, vi ho sdoganati: ora potete dire senza complessi che vi piace il vino. Ne producete tantissimo e non riuscite nemmeno a berlo tutto: \u00e8 gi\u00e0 qualcosa\u00bb.<br \/>\nNel bel mezzo della bufera che si era scatenata contro di lui, Toscani non si \u00e8 per\u00f2 giocato una carta che avrebbe potuto andare a suo vantaggio. \u00abMia nonna era veronese purosague: ma perch\u00e9 avrei dovuto dirlo? Cosa dovevo giustificare?\u00bb, si chiede il fotografo provocatore. \u00abSi chiamava Maria Ambrosi e diceva di essere la donna pi\u00f9 alta e pi\u00f9 bella di Verona: parlava con il tipico accento veneto, mi chiamava &#8220;nano&#8221;, ma di vino non ne beveva\u00bb, racconta Toscani, tornando con i ricordi alla sua infanzia. \u00abAbitava in centro citt\u00e0, prima di sposarsi e trasferirsi a Milano con mio nonno: ogni tanto ricordo che andavamo in treno a Verona a trovare i nostri parenti\u00bb. Maria Ambrosi \u00e8 morta quando Toscani aveva 14 anni. \u00abEra una gran donna: non sarebbe mai stata leghista. Negli anni della guerra era stata un&#8217;attivista antifascista e ora soffrirebbe a vedere il Veneto cos\u00ec conservatore e poco generoso\u00bb.<br \/>\nIl fotografo si toglie qualche sassolino dalla scarpa. \u00abCi sono alcuni Comuni vicentini, che mi hanno dichiarato &#8220;persona non gradita&#8221; sul loro territorio: ma non hanno di meglio da fare? Perch\u00e9 non vanno a sistemare le buche delle strade piuttosto?\u00bb, si chiede Toscani, che intanto per\u00f2 avr\u00e0 da vedersela con diverse cause per diffamazione intentate nei suoi confronti. \u00abMi hanno querelato? E io porter\u00f2 due milioni e mezzo di veneti a testimoniare a mio favore: far\u00f2 una richiesta pubblica per richiamare i veneti intelligenti e dotati di sense of humour, facendo passare per &#8220;mona&#8221; tutti quelli che si sono offesi, oltre che per alcolizzati e cretini\u00bb.<br \/>\nIn serata alla Gran Guardia durante lo speciale con la \u00abZanzara\u00bb, di Giuseppe Cruciani, il fotografo si \u00e8 incontrato con Zaia e ha finito per inchinarsi.<br \/>\nManuela Trevisani<\/p>\n<p>Source:\u00a0<a href=\"http:\/\/www.larena.it\/stories\/Home\/1105738_toscani_cari_veneti_dovete_ringraziarmi\/#scroll=700\">L&#8217;Arena<\/a><br \/>\n24.03.2015<\/p>\n","protected":false},"excerpt":{"rendered":"<p>\u00abUbriaconi? S\u00ec, cos\u00ec ora potete dire senza complessi che vi piace il vino Le querele? Porter\u00f2 due milioni e mezzo di voi a testimoniare per me\u00bb &nbsp; \u00abHo chiesto scusa, ma non credo di aver offeso i veneti, dicendo che<a class=\"more\" href=\"https:\/\/blog.olivierotoscanistudio.com\/?p=3765\">Leggi &rarr;<\/a><\/p>\n","protected":false},"author":3,"featured_media":0,"comment_status":"open","ping_status":"closed","sticky":true,"template":"","format":"standard","meta":{"footnotes":""},"categories":[28],"tags":[],"aioseo_notices":[],"_links":{"self":[{"href":"https:\/\/blog.olivierotoscanistudio.com\/index.php?rest_route=\/wp\/v2\/posts\/3765"}],"collection":[{"href":"https:\/\/blog.olivierotoscanistudio.com\/index.php?rest_route=\/wp\/v2\/posts"}],"about":[{"href":"https:\/\/blog.olivierotoscanistudio.com\/index.php?rest_route=\/wp\/v2\/types\/post"}],"author":[{"embeddable":true,"href":"https:\/\/blog.olivierotoscanistudio.com\/index.php?rest_route=\/wp\/v2\/users\/3"}],"replies":[{"embeddable":true,"href":"https:\/\/blog.olivierotoscanistudio.com\/index.php?rest_route=%2Fwp%2Fv2%2Fcomments&post=3765"}],"version-history":[{"count":1,"href":"https:\/\/blog.olivierotoscanistudio.com\/index.php?rest_route=\/wp\/v2\/posts\/3765\/revisions"}],"predecessor-version":[{"id":3767,"href":"https:\/\/blog.olivierotoscanistudio.com\/index.php?rest_route=\/wp\/v2\/posts\/3765\/revisions\/3767"}],"wp:attachment":[{"href":"https:\/\/blog.olivierotoscanistudio.com\/index.php?rest_route=%2Fwp%2Fv2%2Fmedia&parent=3765"}],"wp:term":[{"taxonomy":"category","embeddable":true,"href":"https:\/\/blog.olivierotoscanistudio.com\/index.php?rest_route=%2Fwp%2Fv2%2Fcategories&post=3765"},{"taxonomy":"post_tag","embeddable":true,"href":"https:\/\/blog.olivierotoscanistudio.com\/index.php?rest_route=%2Fwp%2Fv2%2Ftags&post=3765"}],"curies":[{"name":"wp","href":"https:\/\/api.w.org\/{rel}","templated":true}]}}