{"id":3692,"date":"2015-01-15T20:42:34","date_gmt":"2015-01-15T19:42:34","guid":{"rendered":"http:\/\/blog.olivierotoscanistudio.com\/?p=3692"},"modified":"2015-01-15T20:42:34","modified_gmt":"2015-01-15T19:42:34","slug":"il-selfie-di-totti-cest-moi-wired-14-gennaio-2015","status":"publish","type":"post","link":"https:\/\/blog.olivierotoscanistudio.com\/?p=3692","title":{"rendered":"Il selfie di Totti c\u2019est moi ( Wired \/ 14.Gennaio 2015)"},"content":{"rendered":"<p><a href=\"https:\/\/blog.olivierotoscanistudio.com\/wp-content\/uploads\/2015\/01\/a3596616-8608-4312-aee5-2fbbb58a34b6-765x1020.jpeg\" rel=\"lightbox[3692]\"><img loading=\"lazy\" decoding=\"async\" src=\"https:\/\/blog.olivierotoscanistudio.com\/wp-content\/uploads\/2015\/01\/a3596616-8608-4312-aee5-2fbbb58a34b6-765x1020.jpeg\" alt=\"a3596616-8608-4312-aee5-2fbbb58a34b6-765x1020\" width=\"620\" height=\"826\" class=\"alignleft size-full wp-image-3693\" srcset=\"https:\/\/blog.olivierotoscanistudio.com\/wp-content\/uploads\/2015\/01\/a3596616-8608-4312-aee5-2fbbb58a34b6-765x1020.jpeg 620w, https:\/\/blog.olivierotoscanistudio.com\/wp-content\/uploads\/2015\/01\/a3596616-8608-4312-aee5-2fbbb58a34b6-765x1020-225x300.jpeg 225w\" sizes=\"(max-width: 620px) 100vw, 620px\" \/><\/a><\/p>\n<h1>Il selfie di Totti c\u2019est moi<\/h1>\n<p>&nbsp;<\/p>\n<p>Domenica, dopo aver segnato il 2-2 nel derby Roma-Lazio e aver raggiunto il record di gol (11 reti nel derby capitolino), Totti \u00e8 corso sotto la curva sud, si \u00e8 fatto passare il cellulare e ha scattato una selfie che in poche ore ha fatto il giro del mondo. \u201c<em>Il record di gol? Per un romano credo sia la cosa pi\u00f9 bella che ci possa essere, per me come per tutti i tifosi.\u00a0Alla selfie ci pensavo da una settimana, ormai c\u2019\u00e8 la moda, io non sono abituato a farli perch\u00e9 la mia vita privata voglio che resti tale, ma questa era un\u2019occasione unica e irripetibile; aver scavalcato giocatori importanti \u00e8 una cosa che si ricorder\u00e0 a lungo<\/em>\u201d, ecco come il capitano ha commentato la cosa.<\/p>\n<p>\u201c<em>Il selfie nel derby stata un\u2019iniziativa divertente, un\u2019azione creativa mica male. Ma Totti non \u00e8 uno scemo, lui emoziona, sorprende, ha una dote innata e non ha paura di fare certe cose. Una trovata geniale anche dal punto di vista pubblicitario<\/em>\u201d, ha affermato il fotografo <a href=\"https:\/\/www.ansa.it\/sito\/notizie\/sport\/calcio\/2015\/01\/12\/oliviero-toscani-totti-geniale-anche-da-pubblicitario.-selfie-totti-mirror-solo-lui-poteva-farlo-_b3051002-a85a-4cf8-8ccc-9bd33757dae7.html\" target=\"_blank\">Oliviero Toscani<\/a>.\u00a0\u201c<em>Durante la partita non ha senso. Non c\u2019entra niente col calcio. \u00c8 una cosa inopportuna<\/em>\u201d, ha detto invece Lotito, Presidente della Lazio. No, forse non c\u2019entra col calcio. Ma c\u2019entra con noi.<\/p>\n<p>Le\u00a0selfie sono le nuove foto ricordo. Prima c\u2019era solo il paesaggio, ora ci siamo noi, la nostra faccia e quel paesaggio.<br \/>\nC\u2019\u00e8 uno stereotipo piuttosto comune che si \u00e8 sviluppato intorno al tipo di persona che si autoscatta. E non \u00e8 positiva. Sono dei narcisisti. C\u2019\u00e8 un <a href=\"http:\/\/www.sciencedirect.com\/science\/article\/pii\/S0191886914007259\" target=\"_blank\">nuovo studio<\/a> in merito pubblicato dalla rivista<em>Personality and Individual Differences<\/em>. Per la ricerca, svolta da Jesse Fox, assistant professor dell\u2019Ohio State e Margaret Rooney, laureata nella stessa Universit\u00e0, sono stati preso in considerazione un campione di 800 uomini tra i 18 e i 40 anni che hanno risposto a domande che riguardavano le loro abitudini online e le pratiche che identificavano il loro livello di narcisismo.<\/p>\n<p>La conclusione a cui sono giunti i ricercatori \u00e8 che l\u2019oggettivazione di s\u00e9 e il narcisismo prevedono del tempo da perdere sui social. Narcisismo e psicopatia prevedono un numero di selfie postate. Dove ci sono narcisismo e oggettivazione di s\u00e9 c\u2019\u00e8 anche editing delle foto che vengono pubblicate (questo non vale per il capitano della Roma, che si \u00e8 fatto uno scatto \u201cspontaneo\u201d e pure tagliato, per immortalare un momento importante della sua carriera).<\/p>\n<p>Un uomo come Totti, che all\u2019apice della prestanza fisica e della carriera decide di fare quello che faremmo tutti noi al suo posto (solo che noi davanti avremmo molto pi\u00f9 verosimilmente una torta di compleanno, al posto di una curva impazzita ed esultante che grida il nostro nome) \u00e8 un narcisista? Sicuramente s\u00ec. Come noi. Totti provoca? Totti non rispetta le regole? No. Totti ci rappresenta. Totti siamo noi.<\/p>\n<p>&nbsp;<\/p>\n<p>14.Gennaio 2015<br \/>\nSource:\u00a0<a href=\"http:\/\/www.wired.it\/mobile\/smartphone\/2015\/01\/14\/selfie-totti-cest-moi\/\">wired.it\u00a0<\/a><\/p>\n<p>&nbsp;<\/p>\n","protected":false},"excerpt":{"rendered":"<p>Il selfie di Totti c\u2019est moi &nbsp; Domenica, dopo aver segnato il 2-2 nel derby Roma-Lazio e aver raggiunto il record di gol (11 reti nel derby capitolino), Totti \u00e8 corso sotto la curva sud, si \u00e8 fatto passare il<a class=\"more\" href=\"https:\/\/blog.olivierotoscanistudio.com\/?p=3692\">Leggi &rarr;<\/a><\/p>\n","protected":false},"author":3,"featured_media":0,"comment_status":"open","ping_status":"closed","sticky":true,"template":"","format":"standard","meta":{"footnotes":""},"categories":[28,31],"tags":[],"aioseo_notices":[],"_links":{"self":[{"href":"https:\/\/blog.olivierotoscanistudio.com\/index.php?rest_route=\/wp\/v2\/posts\/3692"}],"collection":[{"href":"https:\/\/blog.olivierotoscanistudio.com\/index.php?rest_route=\/wp\/v2\/posts"}],"about":[{"href":"https:\/\/blog.olivierotoscanistudio.com\/index.php?rest_route=\/wp\/v2\/types\/post"}],"author":[{"embeddable":true,"href":"https:\/\/blog.olivierotoscanistudio.com\/index.php?rest_route=\/wp\/v2\/users\/3"}],"replies":[{"embeddable":true,"href":"https:\/\/blog.olivierotoscanistudio.com\/index.php?rest_route=%2Fwp%2Fv2%2Fcomments&post=3692"}],"version-history":[{"count":1,"href":"https:\/\/blog.olivierotoscanistudio.com\/index.php?rest_route=\/wp\/v2\/posts\/3692\/revisions"}],"predecessor-version":[{"id":3694,"href":"https:\/\/blog.olivierotoscanistudio.com\/index.php?rest_route=\/wp\/v2\/posts\/3692\/revisions\/3694"}],"wp:attachment":[{"href":"https:\/\/blog.olivierotoscanistudio.com\/index.php?rest_route=%2Fwp%2Fv2%2Fmedia&parent=3692"}],"wp:term":[{"taxonomy":"category","embeddable":true,"href":"https:\/\/blog.olivierotoscanistudio.com\/index.php?rest_route=%2Fwp%2Fv2%2Fcategories&post=3692"},{"taxonomy":"post_tag","embeddable":true,"href":"https:\/\/blog.olivierotoscanistudio.com\/index.php?rest_route=%2Fwp%2Fv2%2Ftags&post=3692"}],"curies":[{"name":"wp","href":"https:\/\/api.w.org\/{rel}","templated":true}]}}