{"id":3513,"date":"2014-12-16T12:37:13","date_gmt":"2014-12-16T11:37:13","guid":{"rendered":"http:\/\/blog.olivierotoscanistudio.com\/?p=3513"},"modified":"2014-12-16T12:43:46","modified_gmt":"2014-12-16T11:43:46","slug":"gianna-nannini-on-the-cover-of-the-rolling-stone-december-january","status":"publish","type":"post","link":"https:\/\/blog.olivierotoscanistudio.com\/?p=3513","title":{"rendered":"Gianna Nannini sulla copertina del numero di dicembre-gennaio. In edicola il 10 dicembre"},"content":{"rendered":"<p>9 dicembre 2014<\/p>\n<div class=\"text-content\">\n<p>\u00abEro stata in galera in Grecia perch\u00e9 avevo picchiato un poliziotto. Ritornando in Italia non avevo fatto le prove, ho cantato <em>America<\/em> ed \u00e8 venuto fuori un troiaio\u00bb. Gianna Nannini ricorda cos\u00ec i fischi presi a un concerto con Francesco Guccini all\u2019inizio degli anni \u201980 al Vigorelli di Milano. Ed \u00e8 proprio una canzone di Guccini che apre il suo nuovo disco, <em>Hitalia<\/em>, raccolta di classici della musica italiana reinterpretati a modo suo: \u00abNon so neanche se Francesco sa che ho rifatto Dio \u00e8 morto\u00bb.<\/p>\n<p>Protagonista della cover story del prossimo numero di <em>Rolling Stone<\/em> in edicola da domani (10 dicembre), Gianna Nannini ripercorre tutte le tappe fondamentali della propria carriera, da un live dei Jethro Tull a Bologna negli anni \u201970 \u2013 \u00abmi hanno dato l\u2019orgasmo\u00bb \u2013 alle collaborazioni con Jovanotti, Fabri Fibra e Fedez. E poi gli incontri con produttori come Steve Albini e, soprattutto, Conny Plank: \u00ab\u00c8 grazie a lui che ho imparato il rock. Per me \u00e8 musica popolare: non pu\u00f2 essere una fotocopia di quello che si fa in America\u00bb.<\/p>\n<p><em>Hitalia<\/em>, per lei, \u00e8\u00a0\u00abun programma di rivoluzione culturale per consacrare l\u2019eccellenza italiana nel mondo\u00bb. Ma \u00abin modo metal\u00bb, parola di Gianna Nannini.<\/p>\n<p>Come suonano le sue reinterpretazioni? Sentitelo guardando il video di <em>Lontano dagli occhi<\/em>, a cui <a title=\"Vota Lontano dagli occhi Nannini\" href=\"http:\/\/www.rollingstone.it\/ring\/vota-lontano-dagli-occhi-il-nuovo-video-di-gianna-nannini\/2014-12-03\/\">avete dato un voto<\/a> decisamente alto.<\/p>\n<\/div>\n<p><a href=\"https:\/\/blog.olivierotoscanistudio.com\/wp-content\/uploads\/2014\/12\/RS-cover-04.jpg\" rel=\"lightbox[3513]\"><img loading=\"lazy\" decoding=\"async\" class=\"alignleft size-full wp-image-3514\" src=\"https:\/\/blog.olivierotoscanistudio.com\/wp-content\/uploads\/2014\/12\/RS-cover-04.jpg\" alt=\"Gianna Nannini\" width=\"255\" height=\"315\" srcset=\"https:\/\/blog.olivierotoscanistudio.com\/wp-content\/uploads\/2014\/12\/RS-cover-04.jpg 255w, https:\/\/blog.olivierotoscanistudio.com\/wp-content\/uploads\/2014\/12\/RS-cover-04-242x300.jpg 242w\" sizes=\"(max-width: 255px) 100vw, 255px\" \/><\/a><\/p>\n<p>&nbsp;<\/p>\n<p>&nbsp;<\/p>\n<p>&nbsp;<\/p>\n<p>&nbsp;<\/p>\n<p>&nbsp;<\/p>\n<p>&nbsp;<\/p>\n<p>&nbsp;<\/p>\n<p>&nbsp;<\/p>\n<p>&nbsp;<\/p>\n<p>&nbsp;<\/p>\n<p><em>Gianna Nannini sulla copertina di Rolling Stone di dicembre-gennaio, fotografata da Oliviero Toscani, senza trucco. Se ne fotte delle rughe e del tempo<\/em><\/p>\n<p>Source:\u00a0<a title=\"http:\/\/www.rollingstone.it\/musica\/news-musica\/gianna-nannini-sulla-copertina-del-numero-di-dicembre-gennaio\/2014-12-09\/\" href=\"Source: rollingstone.it\">rollingstone.it<\/a><\/p>\n<p>&nbsp;<\/p>\n","protected":false},"excerpt":{"rendered":"<p>9 dicembre 2014 \u00abEro stata in galera in Grecia perch\u00e9 avevo picchiato un poliziotto. Ritornando in Italia non avevo fatto le prove, ho cantato America ed \u00e8 venuto fuori un troiaio\u00bb. Gianna Nannini ricorda cos\u00ec i fischi presi a un<a class=\"more\" href=\"https:\/\/blog.olivierotoscanistudio.com\/?p=3513\">Leggi &rarr;<\/a><\/p>\n","protected":false},"author":3,"featured_media":0,"comment_status":"open","ping_status":"closed","sticky":true,"template":"","format":"standard","meta":{"footnotes":""},"categories":[1,28,3],"tags":[],"aioseo_notices":[],"_links":{"self":[{"href":"https:\/\/blog.olivierotoscanistudio.com\/index.php?rest_route=\/wp\/v2\/posts\/3513"}],"collection":[{"href":"https:\/\/blog.olivierotoscanistudio.com\/index.php?rest_route=\/wp\/v2\/posts"}],"about":[{"href":"https:\/\/blog.olivierotoscanistudio.com\/index.php?rest_route=\/wp\/v2\/types\/post"}],"author":[{"embeddable":true,"href":"https:\/\/blog.olivierotoscanistudio.com\/index.php?rest_route=\/wp\/v2\/users\/3"}],"replies":[{"embeddable":true,"href":"https:\/\/blog.olivierotoscanistudio.com\/index.php?rest_route=%2Fwp%2Fv2%2Fcomments&post=3513"}],"version-history":[{"count":5,"href":"https:\/\/blog.olivierotoscanistudio.com\/index.php?rest_route=\/wp\/v2\/posts\/3513\/revisions"}],"predecessor-version":[{"id":3519,"href":"https:\/\/blog.olivierotoscanistudio.com\/index.php?rest_route=\/wp\/v2\/posts\/3513\/revisions\/3519"}],"wp:attachment":[{"href":"https:\/\/blog.olivierotoscanistudio.com\/index.php?rest_route=%2Fwp%2Fv2%2Fmedia&parent=3513"}],"wp:term":[{"taxonomy":"category","embeddable":true,"href":"https:\/\/blog.olivierotoscanistudio.com\/index.php?rest_route=%2Fwp%2Fv2%2Fcategories&post=3513"},{"taxonomy":"post_tag","embeddable":true,"href":"https:\/\/blog.olivierotoscanistudio.com\/index.php?rest_route=%2Fwp%2Fv2%2Ftags&post=3513"}],"curies":[{"name":"wp","href":"https:\/\/api.w.org\/{rel}","templated":true}]}}