{"id":3247,"date":"2014-06-03T09:43:31","date_gmt":"2014-06-03T08:43:31","guid":{"rendered":"http:\/\/blog.olivierotoscanistudio.com\/?p=3247"},"modified":"2014-06-03T09:43:31","modified_gmt":"2014-06-03T08:43:31","slug":"svelato-finalmente-il-nome-del-nuovo-premio-gensini-immagine-attraverso-le-pieghe-del-tempo-edizione-2014-e-oliviero-toscani","status":"publish","type":"post","link":"https:\/\/blog.olivierotoscanistudio.com\/?p=3247","title":{"rendered":"SVELATO FINALMENTE IL NOME DEL NUOVO PREMIO GENSINI IMMAGINE &#8220;ATTRAVERSO LE PIEGHE DEL TEMPO&#8221; EDIZIONE 2014: E&#8217; OLIVIERO TOSCANI."},"content":{"rendered":"<div>Uno dei piu\u2019 grandi crativi della storia della Fotografia italiana ed internazionale arrivera\u2019 a ritirare il prestigioso riconoscimento \u00a0nella bella cittadina di\u00a0<b>Nettuno<\/b>, in provincia di Roma, il\u00a0<b>30 agosto 2014<\/b>.<\/div>\n<div><\/div>\n<div>Oliviero Toscani, figlio del primo fotoreporter del Corriere Della Sera, \u00e8 nato a Milano nel 1942 e ha studiato fotografia e grafica all\u2019Universit\u00e0 Delle Arti di Zurigo dal 1961 al 1965. Conosciuto internazionalmente come la forza creativa dietro i pi\u00f9 famosi giornali e marchi del mondo, creatore di immagini corporate e campagne pubblicitarie attraverso gli anni per Esprit, Chanel, Robe di Kappa, Fiorucci, Prenatal, Jesus, Inter, Snai, Toyota, Ministero del Lavoro, della Salute, Artemide, Woolworth e altri. Tra gli ultimi progetti: la collaborazione con il Ministero dell\u2019Ambiente e della Salute, con la Regione Calabria, con la Fondazione Umberto Veronesi, e alcune campagne di interesse e impegno sociale dedicate alla sicurezza stradale, all\u2019anoressia, alla violenza contro le donne, e contro il randagismo. Come fotografo di moda ha collaborato e collabora tuttora per giornali come Elle, Vogue, GQ, Harper\u2019s Bazaar, Esquire, Stern, Liberation e molti altri nelle edizioni di tutto il mondo. Dal 1982 al 2000, ha creato l\u2019immagine, l\u2019identit\u00e0, la strategia di comunicazione e la presenza online di United Colors of Benetton, trasformandolo in uno dei marchi pi\u00f9 conosciuti al mondo. Nel 1990 ha ideato e diretto Colors, il primo giornale globale al mondo, e nel 1993 ha concepito e diretto Fabrica, centro di ricerca di creativit\u00e0 nella comunicazione moderna. Dal 1999 al 2000 \u00e8 stato direttore creativo del mensile Talk Miramax a New York diretto da Tina Brown. Toscani \u00e8 stato uno dei fondatori dell\u2019Accademia di Architettura di Mendrisio, ha insegnato comunicazione visiva in svariate universit\u00e0 e ha scritto diversi libri sulla comunicazione. Dopo quasi cinque decadi di innovazione editoriale, pubblicit\u00e0, film e televisione, ora si interessa di creativit\u00e0 della comunicazione applicata ai vari media, producendo, con il suo studio, progetti editoriali, libri, programmi televisivi, mostre ed esposizioni. Dal 2007 Oliviero Toscani inizia Razza Umana, progetto di fotografia e video sulle diverse morfologie e condizioni umane, per rappresentare tutte le espressioni, le caratteristiche fisiche, somatiche, sociali e culturali dell\u2019umanit\u00e0, toccando pi\u00f9 di 100 comuni italiani, lo Stato di Israele, la Palestina, il Giappone, la Namibia e per le Nazioni Unite, il Guatemala. Da quasi trent\u2019anni \u00e8 impegnato al progetto: Nuovo Paesaggio Italiano, progetto contro il degrado dell\u2019Italia. Il lavoro di Toscani \u00e8 stato esposto alla Biennale di Venezia, a San Paolo del Brasile, alla Triennale di Milano e nei musei d\u2019arte moderna e contemporanea di tutto il mondo. Ha vinto numerosi premi come quattro Leoni d\u2019Oro, il Gran Premio dell\u2019UNESCO, due volte il Gran Premio d\u2019Affichage, e numerosi premi degli Art Directors Club di tutto il mondo. \u00c8 stato vincitore del premio \u201ccreative hero\u201d della Saatchi &amp; Saatchi. L\u2019Accademia di Belle Arti di Urbino gli conferisce il premio Il Sogno di Piero e riceve dall\u2019Accademia delle Belle Arti di Firenze il il titolo di Accademico d\u2019Onore. Oliviero Toscani \u00e8 socio onorario del Comitato Leonardo e della European Academy of Sciences and Arts.<\/div>\n<div><\/div>\n<div><a href=\"http:\/\/www.reset-italia.net\/2014\/05\/31\/oliviero-toscani-premio-gensini-immagine-2014\/%e2%94%acoliviero_toscani_cuori\/\"><img loading=\"lazy\" decoding=\"async\" alt=\"\" src=\"http:\/\/www.reset-italia.net\/wp-content\/uploads\/2014\/05\/%E2%94%AC%C2%AEoliviero_toscani_Cuori-300x138.jpg\" width=\"300\" height=\"138\" \/><\/a><a href=\"http:\/\/www.reset-italia.net\/2014\/05\/31\/oliviero-toscani-premio-gensini-immagine-2014\/%e2%94%acoliviero_toscani_suora-e-prete\/\"><img loading=\"lazy\" decoding=\"async\" alt=\"\" src=\"http:\/\/www.reset-italia.net\/wp-content\/uploads\/2014\/05\/%E2%94%AC%C2%AEoliviero_toscani_Suora-e-Prete-300x220.jpg\" width=\"300\" height=\"220\" \/><\/a><\/div>\n<div><a href=\"http:\/\/www.reset-italia.net\/2014\/05\/31\/oliviero-toscani-premio-gensini-immagine-2014\/%e2%94%acolivierotoscani_1993_hiv\/\"><img loading=\"lazy\" decoding=\"async\" alt=\"\" src=\"http:\/\/www.reset-italia.net\/wp-content\/uploads\/2014\/05\/%E2%94%AC%C2%AEOlivieroToscani_1993_hiv-300x208.jpg\" width=\"300\" height=\"208\" \/><\/a><a href=\"http:\/\/www.reset-italia.net\/2014\/05\/31\/oliviero-toscani-premio-gensini-immagine-2014\/%e2%94%acolivierotoscani_chirurgia_estetica\/\"><img loading=\"lazy\" decoding=\"async\" alt=\"\" src=\"http:\/\/www.reset-italia.net\/wp-content\/uploads\/2014\/05\/%E2%94%AC%C2%AEolivierotoscani_chirurgia_estetica-300x176.jpg\" width=\"300\" height=\"176\" \/><\/a><\/div>\n<div><\/div>\n<div><\/div>\n<div>Per leggere tutto l&#8217;articolo: <a href=\"http:\/\/www.reset-italia.net\/2014\/05\/31\/oliviero-toscani-premio-gensini-immagine-2014\/#.U419M922uGo\" target=\"_blank\"><span style=\"color: #ff0000;\"><strong>RESET ITALIA.<\/strong><\/span><\/a><\/div>\n<div><\/div>\n<div><\/div>\n<div><\/div>\n<div><\/div>\n<div><\/div>\n<div><\/div>\n<div><\/div>\n<div><\/div>\n<div><\/div>\n<div><\/div>\n<div><\/div>\n<div><\/div>\n<div><\/div>\n<div><\/div>\n<div><\/div>\n<div><\/div>\n<div><\/div>\n<div><\/div>\n<div><\/div>\n<div><\/div>\n<div><\/div>\n<div><\/div>\n<div><\/div>\n<div><\/div>\n<div><\/div>\n<div><\/div>\n<div><\/div>\n<div><\/div>\n<div><\/div>\n<div><\/div>\n<div><\/div>\n<div><\/div>\n<div><\/div>\n<div><\/div>\n<div><\/div>\n<div><\/div>\n<div><\/div>\n<div><\/div>\n<div><\/div>\n<div><\/div>\n<div><\/div>\n<div><\/div>\n","protected":false},"excerpt":{"rendered":"<p>Uno dei piu\u2019 grandi crativi della storia della Fotografia italiana ed internazionale arrivera\u2019 a ritirare il prestigioso riconoscimento \u00a0nella bella cittadina di\u00a0Nettuno, in provincia di Roma, il\u00a030 agosto 2014. Oliviero Toscani, figlio del primo fotoreporter del Corriere Della Sera, \u00e8<a class=\"more\" href=\"https:\/\/blog.olivierotoscanistudio.com\/?p=3247\">Leggi &rarr;<\/a><\/p>\n","protected":false},"author":3,"featured_media":0,"comment_status":"open","ping_status":"closed","sticky":true,"template":"","format":"standard","meta":{"footnotes":""},"categories":[28,4,3],"tags":[688,689,23,687,691,690],"aioseo_notices":[],"_links":{"self":[{"href":"https:\/\/blog.olivierotoscanistudio.com\/index.php?rest_route=\/wp\/v2\/posts\/3247"}],"collection":[{"href":"https:\/\/blog.olivierotoscanistudio.com\/index.php?rest_route=\/wp\/v2\/posts"}],"about":[{"href":"https:\/\/blog.olivierotoscanistudio.com\/index.php?rest_route=\/wp\/v2\/types\/post"}],"author":[{"embeddable":true,"href":"https:\/\/blog.olivierotoscanistudio.com\/index.php?rest_route=\/wp\/v2\/users\/3"}],"replies":[{"embeddable":true,"href":"https:\/\/blog.olivierotoscanistudio.com\/index.php?rest_route=%2Fwp%2Fv2%2Fcomments&post=3247"}],"version-history":[{"count":2,"href":"https:\/\/blog.olivierotoscanistudio.com\/index.php?rest_route=\/wp\/v2\/posts\/3247\/revisions"}],"predecessor-version":[{"id":3249,"href":"https:\/\/blog.olivierotoscanistudio.com\/index.php?rest_route=\/wp\/v2\/posts\/3247\/revisions\/3249"}],"wp:attachment":[{"href":"https:\/\/blog.olivierotoscanistudio.com\/index.php?rest_route=%2Fwp%2Fv2%2Fmedia&parent=3247"}],"wp:term":[{"taxonomy":"category","embeddable":true,"href":"https:\/\/blog.olivierotoscanistudio.com\/index.php?rest_route=%2Fwp%2Fv2%2Fcategories&post=3247"},{"taxonomy":"post_tag","embeddable":true,"href":"https:\/\/blog.olivierotoscanistudio.com\/index.php?rest_route=%2Fwp%2Fv2%2Ftags&post=3247"}],"curies":[{"name":"wp","href":"https:\/\/api.w.org\/{rel}","templated":true}]}}