{"id":3211,"date":"2014-05-21T16:47:02","date_gmt":"2014-05-21T15:47:02","guid":{"rendered":"http:\/\/blog.olivierotoscanistudio.com\/?p=3211"},"modified":"2014-05-27T16:58:47","modified_gmt":"2014-05-27T15:58:47","slug":"la-repubblica-ecco-il-pizzafestival-e-oliviero-toscani-fotografera-i-piu-bravi","status":"publish","type":"post","link":"https:\/\/blog.olivierotoscanistudio.com\/?p=3211","title":{"rendered":"LA REPUBBLICA: ECCO IL PIZZAFESTIVAL, E OLIVIERO TOSCANI FOTOGRAFERA&#8217; I PIU&#8217; BRAVI"},"content":{"rendered":"<p>L&#8217;Associazione verace pizza napoletana (Avpn) festeggia i 30 anni e promuove la prima edizione del Pizzafestival in programma dal 27 al 30 maggio. All&#8217;iniziativa hanno aderito oltre 100 pizzerie associate sul territorio campano e nel resto del mondo. E sono proprio le pizzerie le protagoniste del Pizzafestival. Ogni pizzeria realizzer\u00e0 eventi, degustazioni, abbinamenti, men\u00f9 speciali per celebrare &#8220;l&#8217;eccezionalit\u00e0 del piatto pi\u00f9 famoso al mondo&#8221; preparata seguendo i canoni della tradizione codificati dall&#8217;Associazione nel 1984.<br \/>\nIl Festival dunque si svolger\u00e0 su tutto il territorio, ma in piazza Dante ci sar\u00e0 un polo centrale dove sar\u00e0 allestito, dal 26 maggio, un laboratorio in cui, bambini e adulti, potranno conoscere le tecniche di preparazione tradizionali, la filiera degli ingredienti, il contenuto di innovazione tecnologica.<\/p>\n<p>Sempre in piazza Dante, luned\u00ec 26, si svolger\u00e0 il convegno &#8220;Ricomincio da 30&#8230;&#8221; evento che apre il Pizzafestival. &#8220;La pizza napoletana &#8211; ha detto il presidente dell&#8217;Associazione Antonio Pace &#8211; \u00e8 un prodotto conosciuto in tutto il mondo, in tutti i cinque continenti e i pizzaioli sono diventati maestri e non pi\u00f9 i parenti poveri dei ristoratori. La pizza &#8211; ha aggiunto Pace &#8211; \u00e8 un prodotto di qualit\u00e0 e le pizzerie sono diventate locali alla moda e non pi\u00f9 locali destinati a chi non aveva possibilit\u00e0 economiche. Ora &#8211; ha concluso &#8211; bisogna guardare al futuro, ai prossimi 30 anni&#8221;.<\/p>\n<p>Per leggere l articolo: <a href=\"http:\/\/napoli.repubblica.it\/cronaca\/2014\/05\/19\/news\/ecco_il_pizzafestival_e_oliviero_toscani_fotografer_i_pi_bravi-86596509\/\" target=\"_blank\"><span style=\"color: #ff0000;\"><strong>LA REPUBBLICA<\/strong><\/span><\/a><\/p>\n<p><a href=\"http:\/\/www.ansa.it\/terraegusto\/notizie\/rubriche\/fiereeventi\/2014\/05\/26\/arriva-pizzafestival-kermesse-per-tutti-i-sensi_f59404dd-e3b2-4f18-a6ae-76d1d23e0c5a.html?idPhoto=2\" target=\"_blank\"><strong><span style=\"color: #ff0000;\">ANSA.IT<\/span><\/strong><\/a><\/p>\n<p>&nbsp;<\/p>\n<p>&nbsp;<\/p>\n<p>&nbsp;<\/p>\n<p>&nbsp;<\/p>\n<p>&nbsp;<\/p>\n<p>&nbsp;<\/p>\n<p>&nbsp;<\/p>\n<p>&nbsp;<\/p>\n<p>&nbsp;<\/p>\n<p>&nbsp;<\/p>\n<p>&nbsp;<\/p>\n<p>&nbsp;<\/p>\n<p>&nbsp;<\/p>\n<p>&nbsp;<\/p>\n<p>&nbsp;<\/p>\n<p>&nbsp;<\/p>\n","protected":false},"excerpt":{"rendered":"<p>L&#8217;Associazione verace pizza napoletana (Avpn) festeggia i 30 anni e promuove la prima edizione del Pizzafestival in programma dal 27 al 30 maggio. All&#8217;iniziativa hanno aderito oltre 100 pizzerie associate sul territorio campano e nel resto del mondo. E sono<a class=\"more\" href=\"https:\/\/blog.olivierotoscanistudio.com\/?p=3211\">Leggi &rarr;<\/a><\/p>\n","protected":false},"author":3,"featured_media":3212,"comment_status":"open","ping_status":"closed","sticky":true,"template":"","format":"standard","meta":{"footnotes":""},"categories":[28,4,3],"tags":[335,315,23,672],"aioseo_notices":[],"_links":{"self":[{"href":"https:\/\/blog.olivierotoscanistudio.com\/index.php?rest_route=\/wp\/v2\/posts\/3211"}],"collection":[{"href":"https:\/\/blog.olivierotoscanistudio.com\/index.php?rest_route=\/wp\/v2\/posts"}],"about":[{"href":"https:\/\/blog.olivierotoscanistudio.com\/index.php?rest_route=\/wp\/v2\/types\/post"}],"author":[{"embeddable":true,"href":"https:\/\/blog.olivierotoscanistudio.com\/index.php?rest_route=\/wp\/v2\/users\/3"}],"replies":[{"embeddable":true,"href":"https:\/\/blog.olivierotoscanistudio.com\/index.php?rest_route=%2Fwp%2Fv2%2Fcomments&post=3211"}],"version-history":[{"count":5,"href":"https:\/\/blog.olivierotoscanistudio.com\/index.php?rest_route=\/wp\/v2\/posts\/3211\/revisions"}],"predecessor-version":[{"id":3216,"href":"https:\/\/blog.olivierotoscanistudio.com\/index.php?rest_route=\/wp\/v2\/posts\/3211\/revisions\/3216"}],"wp:featuredmedia":[{"embeddable":true,"href":"https:\/\/blog.olivierotoscanistudio.com\/index.php?rest_route=\/wp\/v2\/media\/3212"}],"wp:attachment":[{"href":"https:\/\/blog.olivierotoscanistudio.com\/index.php?rest_route=%2Fwp%2Fv2%2Fmedia&parent=3211"}],"wp:term":[{"taxonomy":"category","embeddable":true,"href":"https:\/\/blog.olivierotoscanistudio.com\/index.php?rest_route=%2Fwp%2Fv2%2Fcategories&post=3211"},{"taxonomy":"post_tag","embeddable":true,"href":"https:\/\/blog.olivierotoscanistudio.com\/index.php?rest_route=%2Fwp%2Fv2%2Ftags&post=3211"}],"curies":[{"name":"wp","href":"https:\/\/api.w.org\/{rel}","templated":true}]}}