{"id":3195,"date":"2014-05-15T09:09:06","date_gmt":"2014-05-15T08:09:06","guid":{"rendered":"http:\/\/blog.olivierotoscanistudio.com\/?p=3195"},"modified":"2014-05-15T09:09:06","modified_gmt":"2014-05-15T08:09:06","slug":"el-tiempo-oliviero-toscani-el-fotografo-de-la-polemica","status":"publish","type":"post","link":"https:\/\/blog.olivierotoscanistudio.com\/?p=3195","title":{"rendered":"EL TIEMPO: OLIVIERO TOSCANI, EL FOTO&#8217;GRAFO DE LA POLE&#8217;MICA"},"content":{"rendered":"<p itemprop=\"articleBody\">Le gusta decir que no es pol\u00e9mico, pero sus campa\u00f1as le han dado la vuelta al mundo gracias a eso. Tampoco quiere hablar de Benetton, ni de la publicidad, y es cierto, hace 15 a\u00f1os que no trabaja para ellos. Pero Oliviero Toscani siempre ser\u00e1 recordado como el fot\u00f3grafo de las controvertidas campa\u00f1as para la compa\u00f1\u00eda de los colores unidos.<\/p>\n<p itemprop=\"articleBody\">Ahora tiene 72 a\u00f1os, y sigue experimentando con fotografiar los colores. En un par de semanas llegar\u00e1 a Colombia para hablar sobre \u2018Fuerza creativa y casos exitosos\u2019 en el Congreso Internacional de Mercadeo y Publicidad Incluyente, de \u2018Chao, Racismo\u2019, y quiere aprovechar para hacer un \u201cretrato de colombianos\u201d para su \u00faltimo experimento, Razza Umana, que presentar\u00eda en el pa\u00eds en septiembre.<\/p>\n<p itemprop=\"articleBody\"><strong>\u2013\u00bfQu\u00e9 busca con este proyecto?, \u00bfquiere registrarlas todas?<\/strong><\/p>\n<p itemprop=\"articleBody\">\u2013No, no, no. No hay razas. Hay una sola raza humana. Cada hombre es \u00fanico e irrepetible. Cada individuo es una obra de arte.<\/p>\n<p itemprop=\"articleBody\"><strong>\u2013Lleva desde el 2007 con Razza Umana, \u00bfpor qu\u00e9 tantos retratos?<\/strong><\/p>\n<p itemprop=\"articleBody\">\u2013Porque se dice que cuando se fotograf\u00eda se roba el alma. Los musulmanes son los que lo dec\u00edan. Esto me interesa mucho: fotografiar el alma. El alma es cualquier cosa intangible, que no se puede tocar, pero se puede fotografiar. El alma de cada hombre es \u00fanica; viene a trav\u00e9s de las expresiones de la cara, es muy interesante. Es mi misi\u00f3n como fot\u00f3grafo. Fotografiar el alma humana no es malo como tema, \u00bfno?<\/p>\n<p itemprop=\"articleBody\">Para Toscani, el objetivo de la fotograf\u00eda es la memoria hist\u00f3rica de la humanidad. Con la fotograf\u00eda somos plenamente conscientes de lo que la humanidad hace en el mundo, dice. \u201cAntes solo hab\u00eda palabras, y nada de lo que hab\u00eda se puede probar. Pero desde que hay fotograf\u00eda, somos conscientes de todas las tragedias que la humanidad ha hecho y hace. Es la memoria hist\u00f3rica, la documentaci\u00f3n de la condici\u00f3n humana\u201d.<\/p>\n<p itemprop=\"articleBody\">As\u00ed es como retrat\u00f3 a un beb\u00e9 en el momento del nacimiento, o a Isabelle Caro, la modelo anor\u00e9xica que protagoniz\u00f3 la campa\u00f1a \u2018No-anorexia\u2019 y que falleci\u00f3 tres a\u00f1os despu\u00e9s de que Toscani le robara el alma y el anonimato.<\/p>\n<p itemprop=\"articleBody\"><strong>\u2013\u00bfPol\u00e9mico?<\/strong><\/p>\n<p itemprop=\"articleBody\">\u2013No, no, no. Una fotograf\u00eda es una fotograf\u00eda. El resultado puede ser pol\u00e9mico, pero eso no me interesa. Yo no quiero provocar. Yo hago lo que soy capaz de hacer. Yo veo el mundo con mi visi\u00f3n \u00fanica. Si despu\u00e9s hay alguno que se siente ofendido, no me interesa. En cualquier caso, la provocaci\u00f3n no es algo negativo. Provocar puede ser provocar intereses, provocar amor, provocar discusiones, provocar cultura, provocar\u2026 Ahora, cuando se dice \u2018provocar\u2019 viene de s\u00fabito un sentido negativo. Pero provocar tiene tambi\u00e9n un sentido positivo. Yo quiero ser provocado constantemente, Cuando voy al cine, quiero ser provocado de intereses, de curiosidad, de amor. Tenemos mucho pavor a la provocaci\u00f3n, pero es algo muy positivo.<\/p>\n<p itemprop=\"articleBody\">\u2013<strong>Lo acusaron de amarillista, de haber explotado el sufrimiento; \u00bfcu\u00e1l es el l\u00edmite de una foto?<\/strong><\/p>\n<p itemprop=\"articleBody\">\u2013No hay l\u00edmites. No hay l\u00edmites. No me interesa la pol\u00e9mica despu\u00e9s de mi foto. Ese es un problema de periodistas y otra gente. Yo solo hago la foto que me interesa, finito. Es una banalidad \u00fanica. Ustedes deben reflexionar sobre eso, no yo.<\/p>\n<p itemprop=\"articleBody\">Toscani es un hombre exc\u00e9ntrico \u2013as\u00ed me lo dice su hija\u2013, y esta es una conversaci\u00f3n rara: no habla espa\u00f1ol, lo \u201cimprovisa\u201d; se exaspera ante las preguntas que no le gustan y responde: \u201cNo me interesa, qu\u00e9 otra questione\u201d.<\/p>\n<div>\u00a0Per leggere l&#8217;articolo: <a href=\"http:\/\/www.eltiempo.com\/estilo-de-vida\/gente\/el-fotografo-polemico-de-benetton-visita-colombia\/13975496\" target=\"_blank\"><span style=\"color: #ff0000;\"><strong>EL TIEMPO<\/strong><\/span><\/a><\/div>\n<div><\/div>\n<div><\/div>\n<div><\/div>\n<div><\/div>\n<div><\/div>\n<div><\/div>\n<div><\/div>\n<div><\/div>\n<div><\/div>\n<div><\/div>\n<div><\/div>\n<div><\/div>\n<div><\/div>\n<div><\/div>\n<div><\/div>\n<div><\/div>\n<div><\/div>\n<div><\/div>\n<div><\/div>\n<div><\/div>\n<div><\/div>\n<div><\/div>\n<div><\/div>\n<div><\/div>\n<div><\/div>\n<div><\/div>\n<div><\/div>\n<div><\/div>\n","protected":false},"excerpt":{"rendered":"<p>Le gusta decir que no es pol\u00e9mico, pero sus campa\u00f1as le han dado la vuelta al mundo gracias a eso. Tampoco quiere hablar de Benetton, ni de la publicidad, y es cierto, hace 15 a\u00f1os que no trabaja para ellos.<a class=\"more\" href=\"https:\/\/blog.olivierotoscanistudio.com\/?p=3195\">Leggi &rarr;<\/a><\/p>\n","protected":false},"author":3,"featured_media":2807,"comment_status":"open","ping_status":"closed","sticky":true,"template":"","format":"standard","meta":{"footnotes":""},"categories":[1,28,4,31,3],"tags":[23,41,662],"aioseo_notices":[],"_links":{"self":[{"href":"https:\/\/blog.olivierotoscanistudio.com\/index.php?rest_route=\/wp\/v2\/posts\/3195"}],"collection":[{"href":"https:\/\/blog.olivierotoscanistudio.com\/index.php?rest_route=\/wp\/v2\/posts"}],"about":[{"href":"https:\/\/blog.olivierotoscanistudio.com\/index.php?rest_route=\/wp\/v2\/types\/post"}],"author":[{"embeddable":true,"href":"https:\/\/blog.olivierotoscanistudio.com\/index.php?rest_route=\/wp\/v2\/users\/3"}],"replies":[{"embeddable":true,"href":"https:\/\/blog.olivierotoscanistudio.com\/index.php?rest_route=%2Fwp%2Fv2%2Fcomments&post=3195"}],"version-history":[{"count":3,"href":"https:\/\/blog.olivierotoscanistudio.com\/index.php?rest_route=\/wp\/v2\/posts\/3195\/revisions"}],"predecessor-version":[{"id":3198,"href":"https:\/\/blog.olivierotoscanistudio.com\/index.php?rest_route=\/wp\/v2\/posts\/3195\/revisions\/3198"}],"wp:featuredmedia":[{"embeddable":true,"href":"https:\/\/blog.olivierotoscanistudio.com\/index.php?rest_route=\/wp\/v2\/media\/2807"}],"wp:attachment":[{"href":"https:\/\/blog.olivierotoscanistudio.com\/index.php?rest_route=%2Fwp%2Fv2%2Fmedia&parent=3195"}],"wp:term":[{"taxonomy":"category","embeddable":true,"href":"https:\/\/blog.olivierotoscanistudio.com\/index.php?rest_route=%2Fwp%2Fv2%2Fcategories&post=3195"},{"taxonomy":"post_tag","embeddable":true,"href":"https:\/\/blog.olivierotoscanistudio.com\/index.php?rest_route=%2Fwp%2Fv2%2Ftags&post=3195"}],"curies":[{"name":"wp","href":"https:\/\/api.w.org\/{rel}","templated":true}]}}