{"id":2970,"date":"2014-02-25T15:01:41","date_gmt":"2014-02-25T14:01:41","guid":{"rendered":"http:\/\/blog.olivierotoscanistudio.com\/?p=2970"},"modified":"2014-04-10T11:31:23","modified_gmt":"2014-04-10T10:31:23","slug":"da-oliviero-toscani-a-paolo-mieli-a-carpi-torna-la-rassegna-i-libri-di-san-rocco","status":"publish","type":"post","link":"https:\/\/blog.olivierotoscanistudio.com\/?p=2970","title":{"rendered":"DA OLIVIERO TOSCANI A PAOLO MIELI: A CARPI TORNA LA RASSEGNA &#8220;I LIBRI DI SAN ROCCO&#8221;"},"content":{"rendered":"<p><b><span class=\"Apple-style-span\" style=\"font-weight: normal;\"><strong>Dalla filosofia alla storia, dall\u2019arte al giornalismo, dall\u2019avventura all\u2019amore:<\/strong>\u00a0saranno questi alcuni degli argomenti proposti al pubblico nei quattro appuntamenti gratuiti de I libri di San Rocco, la rassegna che, tra marzo ed aprile, porter\u00e0 nel centro storico di Carpi quattro grandi esponenti del mondo della cultura italiana (e non solo): la filosofa Michela Marzano, lo storico e giornalista Paolo Mieli, lo scrittore e archeologo Valerio Massimo Manfredi e il fotografo Oliviero Toscani.<\/span><\/b><\/p>\n<p><strong>Organizzati da Fondazione Cassa di Risparmio di Carpi e San Rocco Arte &amp; Cultura,<\/strong>\u00a0con il patrocinio del Comune di Carpi, in collaborazione con Biblioteca Multimediale Arturo Loria, Libreria Mondadori, Associazione Nazionale Insigniti Onorificenze Cavalleresche (ANIOC) e Centro Formazione Alta Cultura (CEFAC), gli incontri si svolgeranno tutti a partire dalle ore 21.00 nelle date di sabato 1 marzo presso l\u2019Auditorium della Biblioteca Loria (Michela Marzano), venerd\u00ec 21 marzo in Sala dei Mori di Palazzo Pio (Paolo Mieli), marted\u00ec 8 aprile ancora in Auditorium Loria (Valerio Massimo Manfredi) e, per finire, venerd\u00ec 11 aprile in Sala dei Mori di Palazzo Pio (Oliviero Toscani).<\/p>\n<p><strong>L\u2019amore \u00e8 tutto: \u00e8 tutto ci\u00f2 che so dell\u2019amore \u00e8 il titolo del primo appuntamento che,<\/strong>\u00a0sabato 1 marzo alle ore 21.00 presso l\u2019Auditorium Loria Michela Marzano terr\u00e0 sul tema dei legami affettivi, intervistata dal caporedattore di Radio Bruno Pierluigi Sentore. L\u2019incontro con la filosofa docente all\u2019Universit\u00e0 Ren\u00e9 Descartes di Parigi verter\u00e0 su un tema del quale si \u00e8 a lungo occupata \u2013 e che sviluppa anche nel saggio, pubblicato da UTET, che d\u00e0 il titolo all\u2019incontro \u2013 tema che ha a che fare con l\u2019etica sessuale, lo statuto dei corpi, le relazioni interpersonali nel mondo contemporaneo. Elaborata, come spesso fa Marzano nei suoi testi, a partire dalla sua esperienza personale, la prima serata della rassegna rappresenter\u00e0 una stimolante, intensa e mai banale meditazione su un sentimento comune ad ogni essere umano ma paradossalmente assai difficile da definire.<\/p>\n<p><strong>Sar\u00e0 invece dedicato alla storia o, meglio, al rapporto tra storia,<\/strong>\u00a0memoria ed oblio l\u2019incontro con il gi\u00e0 direttore del \u2018Corriere della Sera\u2019 Paolo Mieli che, dialogando con Pierluigi Senatore, presenter\u00e0, venerd\u00ec 21 marzo alle ore 21.00 presso la Sala dei Mori di Palazzo Pio, il suo ultimo saggio, edito da Rizzoli, I conti con la storia. Quando lo storico, che ha il compito di trasmettere memoria, deve invece lasciare spazio all\u2019oblio come virt\u00f9 essenziale per ricomporre una comunit\u00e0? Da questo interrogativo si dipanano le riflessioni di un testo scritto con la consueta intelligenza che, partendo da una documentazione robusta, non accetta mai di soggiacere alle verit\u00e0 sancite una volta per tutte, ma decide invece consapevolmente di battere sentieri alternativi, porsi problematiche complesse e mettere in discussione le interpretazioni canoniche. Nel proprio libro Mieli si chiede quando sia possibile, e utile, dimenticare, proprio perch\u00e9 consapevole degli inganni che si possono annidare nelle riconciliazioni di comodo e nell\u2019utilizzo politico, e ideologico, della storia.<\/p>\n<p><strong>Ad un eroe dell\u2019epica senza tempo sar\u00e0 invece dedicata la serata di marted\u00ec 8 aprile,<\/strong>\u00a0alle ore 21.00, presso l\u2019Auditorium Loria dal titolo Il mio nome \u00e8 Nessuno, nel corso della quale il romanziere ed archeologo Valerio Massimo Manfredi, sulla scorta dei suoi due ultimi romanzi dedicati alla figura di Ulisse, personaggio moderno per antonomasia, condurr\u00e0 pubblico nell\u2019esplorazione dei temi del viaggio, del nostos, dell\u2019avventura di scoperta e conoscenza. Le domande di Pierluigi Senatore da un alto, il talento narrativo e la conoscenza di Manfredi dall\u2019altro, approfondiranno l\u2019immensa figura di Odysseo, protagonista del viaggio che sta all\u2019origine di ogni narrazione dall\u2019antichit\u00e0 ad oggi, la cui vicenda ha saputo catturare autori come Dante Alighieri e James Joyce sino all\u2019ultima, fatidica domanda: che ne \u00e8 stato del re di Itaca, figlio di Laerte? Ha davvero smesso di viaggiare, una volta tornato alla sua dimora?<\/p>\n<p><strong>L\u2019ultimo incontro della rassegna, venerd\u00ec 11 aprile alle ore 21.00 presso la Sala dei Mori<\/strong>\u00a0di Palazzo Pio, avr\u00e0 per protagonista uno dei fotografi pi\u00f9 famosi al mondo: Oliviero Toscani. L\u2019artista che ha creato alcune delle campagne pubblicitarie pi\u00f9 celebri di tutti i tempi, entrate a buon diritto nell\u2019immaginario collettivo, l\u2019uomo che con i suoi scatti ha spesso sfidato i pregiudizi ribaltando le prospettive abituali, sar\u00e0 stimolato dalla curiosit\u00e0 dello scrittore e consulente editoriale Davide Bregola, in una serata dedicata a quanti desiderino conoscere meglio &#8211; sulla scia di Moriremo eleganti, suo ultimo libro &#8211; un uomo dalle molteplici sfaccettature: artista geniale, indomito polemista, scaltro pubblicitario e fustigatore dei costumi del suo tempo. Sempre, e comunque, amante della Bellezza.<\/p>\n<p>Ricordiamo che tutti gli incontri sono a partecipazione libera e gratuita sino ad esaurimento dei posti disponibili, senza la possibilit\u00e0 di effettuare prenotazioni.<\/p>\n<p><img loading=\"lazy\" decoding=\"async\" alt=\"\" src=\"http:\/\/ctrl-c.cc\/?Jm8MjGPmZiNkQHEkXITmqL8mhK5IcKDIiJ9LhLaJyIVl8HijfHZhkH4HLH4H2I1iBGojHJOhEKCLCM6jEJnL4iykcLGkil5MRlsHMmAivlCIZLni8GBkQGKLrHkLSHtljfJieKSGuMHgZK9H1LwGHiZg5H4GEjrgVLbLPhWhXG6GsM1KKGVM2jvi5GxHiiZlXJplWKZjFkPkzJ3jEkikSL8lnmDL9lFLmKAJTGvLslTJ8maJXjkJQLHLTGsM9IBi1OPOu40mT5fgt0\" width=\"1\" height=\"1\" border=\"0\" \/>Per ulteriori informazioni rimandiamo al sito internet :\u00a0<strong><span style=\"color: #ff0000;\"><a href=\"http:\/\/auditoriumsanrocco.it\/2014\/04\/non-sono-obiettivo\/\" target=\"_blank\"><span style=\"color: #ff0000;\">www.auditoriumsanrocco.it<\/span><\/a><\/span><\/strong><\/p>\n<p>________________________________________________________________________________________________________________________________________________________________<\/p>\n<p>Per leggere altri articoli:<\/p>\n<p>&#8211; <a href=\"http:\/\/www.scoopsquare.com\/post\/it\/2014\/04\/01\/17\/2215710-non-sono-obiettivo-oliviero-toscani-a-carpi-venerdigrave-11-aprile-per-i-libri-di-san-rocco.html#.Uz1XeRzCuoA\" target=\"_blank\"><strong><span style=\"color: #ff0000;\">SCOOP SQUARE<\/span><\/strong><\/a><\/p>\n","protected":false},"excerpt":{"rendered":"<p>Dalla filosofia alla storia, dall\u2019arte al giornalismo, dall\u2019avventura all\u2019amore:\u00a0saranno questi alcuni degli argomenti proposti al pubblico nei quattro appuntamenti gratuiti de I libri di San Rocco, la rassegna che, tra marzo ed aprile, porter\u00e0 nel centro storico di Carpi quattro<a class=\"more\" href=\"https:\/\/blog.olivierotoscanistudio.com\/?p=2970\">Leggi &rarr;<\/a><\/p>\n","protected":false},"author":3,"featured_media":0,"comment_status":"open","ping_status":"closed","sticky":true,"template":"","format":"standard","meta":{"footnotes":""},"categories":[28,4,31],"tags":[567,565,23,571,570,597],"aioseo_notices":[],"_links":{"self":[{"href":"https:\/\/blog.olivierotoscanistudio.com\/index.php?rest_route=\/wp\/v2\/posts\/2970"}],"collection":[{"href":"https:\/\/blog.olivierotoscanistudio.com\/index.php?rest_route=\/wp\/v2\/posts"}],"about":[{"href":"https:\/\/blog.olivierotoscanistudio.com\/index.php?rest_route=\/wp\/v2\/types\/post"}],"author":[{"embeddable":true,"href":"https:\/\/blog.olivierotoscanistudio.com\/index.php?rest_route=\/wp\/v2\/users\/3"}],"replies":[{"embeddable":true,"href":"https:\/\/blog.olivierotoscanistudio.com\/index.php?rest_route=%2Fwp%2Fv2%2Fcomments&post=2970"}],"version-history":[{"count":11,"href":"https:\/\/blog.olivierotoscanistudio.com\/index.php?rest_route=\/wp\/v2\/posts\/2970\/revisions"}],"predecessor-version":[{"id":3085,"href":"https:\/\/blog.olivierotoscanistudio.com\/index.php?rest_route=\/wp\/v2\/posts\/2970\/revisions\/3085"}],"wp:attachment":[{"href":"https:\/\/blog.olivierotoscanistudio.com\/index.php?rest_route=%2Fwp%2Fv2%2Fmedia&parent=2970"}],"wp:term":[{"taxonomy":"category","embeddable":true,"href":"https:\/\/blog.olivierotoscanistudio.com\/index.php?rest_route=%2Fwp%2Fv2%2Fcategories&post=2970"},{"taxonomy":"post_tag","embeddable":true,"href":"https:\/\/blog.olivierotoscanistudio.com\/index.php?rest_route=%2Fwp%2Fv2%2Ftags&post=2970"}],"curies":[{"name":"wp","href":"https:\/\/api.w.org\/{rel}","templated":true}]}}