{"id":2087,"date":"2013-09-19T14:54:57","date_gmt":"2013-09-19T13:54:57","guid":{"rendered":"http:\/\/blog.olivierotoscanistudio.com\/?p=2087"},"modified":"2013-11-20T10:33:03","modified_gmt":"2013-11-20T09:33:03","slug":"napoli-inaugurata-la-metro-quartieri-spagnoli-con-il-murale-di-oliviero-toscani-e-la-piu-bella-deuropa","status":"publish","type":"post","link":"https:\/\/blog.olivierotoscanistudio.com\/?p=2087","title":{"rendered":"NAPOLI inaugurata la metro con il murale di Oliviero Toscani: \u00ab\u00e8 la pi\u00f9 bella d&#8217;Europa\u00bb"},"content":{"rendered":"<h2><\/h2>\n<h2><\/h2>\n<p>____________________________________________________________________________________________________________________________________________________________________________________________________<\/p>\n<h2><\/h2>\n<h2><\/h2>\n<h2><a href=\"https:\/\/blog.olivierotoscanistudio.com\/wp-content\/uploads\/2013\/09\/logo-mattino.png\" rel=\"lightbox[2087]\"><img loading=\"lazy\" decoding=\"async\" class=\"alignleft size-full wp-image-2095\" alt=\"logo-mattino\" src=\"https:\/\/blog.olivierotoscanistudio.com\/wp-content\/uploads\/2013\/09\/logo-mattino.png\" width=\"400\" height=\"58\" \/><\/a><\/h2>\n<p>&nbsp;<\/p>\n<div><\/div>\n<div><img loading=\"lazy\" decoding=\"async\" alt=\"\" src=\"http:\/\/www.ilmattino.it\/MsgrNews\/MED\/20130918_m20.jpg\" width=\"700\" height=\"377\" \/><\/div>\n<div><\/div>\n<div>clicca <strong><a href=\"http:\/\/www.ilmattino.it\/NAPOLI\/CRONACA\/napoli-stazione-metro-quartieri-spagnoli-oliviero-toscani\/notizie\/327733.shtml\" target=\"_blank\">qui<\/a> <\/strong>per vedere la fotogallery del sito<\/div>\n<div><\/div>\n<p>La metro arriva nel cuore dei Quartieri spagnoli a <strong>Napoli<\/strong>: la seconda uscita della stazione <strong>Toledo<\/strong> della Linea 1 \u00e8 stata inaugurata mercoled\u00ec 18 settembre.<\/p>\n<p>La seconda uscita, aperta ai passeggeri a partire dalle 14, completa il tema del progettista catalano <strong>Oscar Tusquets Blanca<\/strong> che attraverso i colori ha indicato sui muri della metro i livelli di profondit\u00e0: il nero per la terra, l&#8217;ocra del tufo, l&#8217;azzurro dell&#8217;acqua. Due tapis roulant conducono da Toledo a Montecalvario e sui pannelli retroilluminati ci sono gli scatti del fotografo <strong>Oliviero Toscani<\/strong>, raccolti nell&#8217;opera<strong> Razza Umana<\/strong>.<\/p>\n<p>Dai 50 metri di profondit\u00e0 si risale con la scala mobile pi\u00f9 lunga d&#8217;Europa, circa 60 metri, superando un dislivello di 31 metri. I pannelli in nero portano la firma dell&#8217;artista statunitense <strong>Laurence Weiner<\/strong> e l&#8217;ingresso \u00e8 decorato dal pannello in mosaico di ceramica di <strong>Francesco Clemente<\/strong>.<\/p>\n<p>\u00abLa stazione rientra nel piano di completamento &#8211; spiega il presidente della Metropolitana di Napoli, <strong>Giannegidio Silva<\/strong> &#8211; della linea che ci porta a inaugurare due stazioni all&#8217;anno con un ritmo regolare\u00bb.<\/p>\n<p>L&#8217;intera<strong> Linea 1 Dante-Garibaldi<\/strong> ha costo complessivo di pi\u00f9 di 1,3 miliardi di euro ed \u00e8 inserita tra i Grandi Progetti approvati dall&#8217;Unione Europea. La Regione Campania ha assegnato pi\u00f9 di 700 milioni di euro di risorse Por, cui si aggiungono 659 milioni di altre risorse (fondi statali, fondi privati e mutui del Comune di Napoli). Dal Por sono stati gi\u00e0 erogati 434 milioni.<\/p>\n<p>\u00abUn&#8217;opera funzionale che collega via Toledo con i Quartieri spagnoli e che ha portato a una riqualificazione importante\u00bb ha detto il sindaco di Napoli. Fatti salvi imprevisti dell&#8217;ultim&#8217;ora, \u00abil prossimo 30 novembre ci sar\u00e0 l&#8217;inaugurazione della stazione metropolitana, sempre Linea 1, di piazza Garibaldi\u00bb e \u00abdal primo dicembre partiranno i cantieri per la tratta Centro direzionale-Capodichino\u00bb.<\/p>\n<p>\u00abNon \u00e8 un caso che abbiamo inaugurato l&#8217;uscita di <strong>Montecalvario<\/strong> durante la settimana della mobilit\u00e0 sostenibile &#8211; ha affermato -. Ed \u00e8 frutto del lavoro sinergico e forte tra Regione Comune e metropolitana\u00bb.<\/p>\n<p>\u00abQuesta stazione verr\u00e0 premiata in settimana a Londra come la pi\u00f9 bella stazione d&#8217;Europa &#8211; ha concluso il sindaco &#8211; un bel segnale per la citt\u00e0\u00bb.<\/p>\n<p><span style=\"color: #999999;\">____________________________________________________________________________________________________________________________________________________________________________________________________<\/span><\/p>\n<p><a href=\"https:\/\/blog.olivierotoscanistudio.com\/wp-content\/uploads\/2013\/09\/logo.gif\" rel=\"lightbox[2087]\"><img loading=\"lazy\" decoding=\"async\" class=\"alignleft size-full wp-image-2093\" alt=\"logo\" src=\"https:\/\/blog.olivierotoscanistudio.com\/wp-content\/uploads\/2013\/09\/logo.gif\" width=\"400\" height=\"42\" \/><\/a><\/p>\n<p>&nbsp;<\/p>\n<p>&nbsp;<\/p>\n<p>&nbsp;<\/p>\n<h2 itemprop=\"headline\">Si inaugura la metro Toledo con i volti di Toscani e Silva<\/h2>\n<p><strong>Il fotografo e il manager nei fotopannelli della stazione Montecalvario<\/strong><\/p>\n<p><time itemprop=\"datePublished\" datetime=\"2013-09-18\"><span style=\"color: #888888;\"><strong>18 settembre 2013<\/strong><\/span> &#8211; <\/time>C&#8217;\u00e8 anche il volto del presidente della <strong>Metropolitana di Napoli Giannegidio Silva<\/strong> nel collage fotografico realizzato da <strong>Oliviero Toscani<\/strong> per la seconda uscita del <strong>metr\u00f2 Toledo in piazza Montecalvario<\/strong>, che sar\u00e0 inaugurata alle 11 dal sindaco Luigi de Magistris e dallo stesso Silva.<\/p>\n<p>Il pannello retroilluminato, intitolato &#8220;<strong>Razza umana<\/strong>&#8220;, affianca un tapis roulant lungo 170 metri che accompagner\u00e0 i passeggeri del metr\u00f2 nella risalita dalle viscere delle stazione ai Quartieri Spagnoli. Il collage riproduce la dinamicit\u00e0 tipica dei viaggiatori in transito disponendo i soggetti su piani diversi: negli scatti, avanza un fiume umano di gente comune, ragazzi tatuati e forze dell&#8217;ordine, ma anche di protagonisti della vita cittadina come l&#8217;editore Mario Guida. Tra la folla si nota appena il cameo dello stesso Toscani.<\/p>\n<p>Sono in tutto quattro le opere che completano il metr\u00f2 dell&#8217;arte pi\u00f9 bello d&#8217;Europa, nella stazione progettata dal catalano <strong>Oscar Tusquets Blanca<\/strong>, dove i colori indicano i vari livelli di profondit\u00e0. Si va dall&#8217;azzurro del mare al nero dell&#8217;asfalto passando per il giallo ocra del tufo. Il tapis roulant conduce a una scala mobile lunga 72 metri\u00a0 &#8211;\u00a0 una delle pi\u00f9 lunghe d&#8217;Europa\u00a0 &#8211;\u00a0 che reca l&#8217;installazione bilingue in lettere argentate dello statunitense <strong>Lawrence Weiner<\/strong>.<\/p>\n<p>Al piano superiore si alternano le gigantografie in bianco e nero dell&#8217;artista di origine iraniana Shirin Neshat: nelle foto, corpi e volti di uomini e donne esprimono<\/p>\n<p>rabbia, dolore e gioia. Seguono, i pannelli realizzati con ceramica di Faenza dai russi Ilya ed Emilia Kabakov, che mostrano invece persone in volo sulla citt\u00e0. All&#8217;ingresso c&#8217;\u00e8 infine uno splendido mosaico di <strong>Francesco Clemente<\/strong> composto con pietre e vetri recuperati dall&#8217;artista in luoghi differenti.<\/p>\n<p>Con l&#8217;uscita di Montecalvario &#8220;inauguriamo una stazione meravigliosa\u00a0 &#8211;\u00a0 dichiara Silva\u00a0 &#8211;\u00a0 . La bellezza per\u00f2 non \u00e8 l&#8217;unico criterio di valutazione. Per la prima volta il metr\u00f2 entra ai Quartieri spagnoli, \u00e8 un&#8217;opera di alto valore sociale&#8221;.<\/p>\n<p>La realizzazione della seconda uscita infatti punta infatti anche alla riqualificazione del quartiere. La stazione Toledo continuer\u00e0 per il momento a svolgere servizio navetta tra Dante e Universit\u00e0. Con l&#8217;apertura di Garibaldi, a fine novembre, la navetta sar\u00e0 sostituita invece da un treno che collegher\u00e0 Piscinola a piazza Garibaldi.<\/p>\n<p>Entro dicembre dovrebbe poi partire il cantiere per la tratta Capodichino\u00a0 &#8211;\u00a0 Centro direzionale, al quale \u00e8 legato il destino di alcuni lavoratori del Consorzio Toledo.<\/p>\n<p>Circa 27 operai che hanno realizzato il metr\u00f2 Toledo, infatti, dal 23 settembre saranno in mobilit\u00e0 &#8220;a causa della fine delle attivit\u00e0\u00a0 &#8211;\u00a0 spiega <strong>Giovanni Sannino<\/strong>, segretario regionale Fillea Cgil Campania\u00a0 &#8211;\u00a0 Gli operai dovrebbero essere reimpiegati nei cantieri della linea 6 e, soprattutto, nel cantiere di Capodichino. Il Cipe deve per\u00f2 sbloccare gli 800 milioni destinati alla realizzazione della tratta o si rischia il corto circuito: a breve chiuderanno altri cantieri e aumenteranno le liste dei disoccupati&#8221;<\/p>\n<p><a href=\"https:\/\/blog.olivierotoscanistudio.com\/wp-content\/uploads\/2013\/09\/copertina4.jpg\" rel=\"lightbox[2087]\"><img loading=\"lazy\" decoding=\"async\" class=\"alignleft size-full wp-image-2110\" alt=\"copertina\" src=\"https:\/\/blog.olivierotoscanistudio.com\/wp-content\/uploads\/2013\/09\/copertina4.jpg\" width=\"289\" height=\"408\" \/><\/a><\/p>\n<p>&nbsp;<\/p>\n<p>&nbsp;<\/p>\n<p>&nbsp;<\/p>\n<p>&nbsp;<\/p>\n<p>&nbsp;<\/p>\n<p>&nbsp;<\/p>\n<p>&nbsp;<\/p>\n<p>&nbsp;<\/p>\n<p>&nbsp;<\/p>\n<p>&nbsp;<\/p>\n<p>&nbsp;<\/p>\n<p>&nbsp;<\/p>\n<p><a href=\"https:\/\/blog.olivierotoscanistudio.com\/wp-content\/uploads\/2013\/09\/articolo2.jpg\" rel=\"lightbox[2087]\"><img loading=\"lazy\" decoding=\"async\" class=\"alignleft size-full wp-image-2109\" alt=\"articolo\" src=\"https:\/\/blog.olivierotoscanistudio.com\/wp-content\/uploads\/2013\/09\/articolo2.jpg\" width=\"700\" height=\"887\" srcset=\"https:\/\/blog.olivierotoscanistudio.com\/wp-content\/uploads\/2013\/09\/articolo2.jpg 700w, https:\/\/blog.olivierotoscanistudio.com\/wp-content\/uploads\/2013\/09\/articolo2-236x300.jpg 236w\" sizes=\"(max-width: 700px) 100vw, 700px\" \/><\/a><\/p>\n<p>&nbsp;<\/p>\n<p>&nbsp;<\/p>\n<p>&nbsp;<\/p>\n<p>&nbsp;<\/p>\n<p>&nbsp;<\/p>\n<p>&nbsp;<\/p>\n<p>&nbsp;<\/p>\n<p>&nbsp;<\/p>\n<p>&nbsp;<\/p>\n<p>&nbsp;<\/p>\n<p>&nbsp;<\/p>\n<p>&nbsp;<\/p>\n<p>&nbsp;<\/p>\n<p>&nbsp;<\/p>\n<p>&nbsp;<\/p>\n<p>&nbsp;<\/p>\n<p>&nbsp;<\/p>\n<p>&nbsp;<\/p>\n<p>&nbsp;<\/p>\n<p>&nbsp;<\/p>\n<p>&nbsp;<\/p>\n<p>&nbsp;<\/p>\n<p>&nbsp;<\/p>\n<p>&nbsp;<\/p>\n<p><span style=\"color: #999999;\">____________________________________________________________________________________________________________________________________________________________________________________________________<\/span><\/p>\n<p><a href=\"https:\/\/blog.olivierotoscanistudio.com\/wp-content\/uploads\/2013\/09\/logo-la-repubblica-tv.jpg\" rel=\"lightbox[2087]\"><img loading=\"lazy\" decoding=\"async\" alt=\"logo-la-repubblica-tv\" src=\"https:\/\/blog.olivierotoscanistudio.com\/wp-content\/uploads\/2013\/09\/logo-la-repubblica-tv.jpg\" width=\"391\" height=\"78\" \/><\/a><\/p>\n<p><strong>Il murale di Toscani nel metro Montecalvario<\/strong><\/p>\n<p>&nbsp;<\/p>\n<p>clicca<span style=\"color: #ff0000;\"><a href=\"https:\/\/blog.olivierotoscanistudio.com\/?p=2087&amp;preview=true\" target=\"_blank\"><span style=\"color: #ff0000;\"> qui<\/span><\/a><\/span> per visualizzare il video<\/p>\n<p><span style=\"color: #999999;\">____________________________________________________________________________________________________________________________________________________________________________________________________<\/span><\/p>\n<p><a href=\"https:\/\/blog.olivierotoscanistudio.com\/wp-content\/uploads\/2013\/09\/2013-09-18-10.59.jpg\" rel=\"lightbox[2087]\"><img loading=\"lazy\" decoding=\"async\" class=\"alignleft size-full wp-image-2133\" alt=\"2013-09-18-10.59\" src=\"https:\/\/blog.olivierotoscanistudio.com\/wp-content\/uploads\/2013\/09\/2013-09-18-10.59.jpg\" width=\"700\" height=\"933\" srcset=\"https:\/\/blog.olivierotoscanistudio.com\/wp-content\/uploads\/2013\/09\/2013-09-18-10.59.jpg 700w, https:\/\/blog.olivierotoscanistudio.com\/wp-content\/uploads\/2013\/09\/2013-09-18-10.59-225x300.jpg 225w\" sizes=\"(max-width: 700px) 100vw, 700px\" \/><\/a><\/p>\n<p>&nbsp;<\/p>\n<p>&nbsp;<\/p>\n<p>&nbsp;<\/p>\n<p>&nbsp;<\/p>\n<p>&nbsp;<\/p>\n<p>&nbsp;<\/p>\n<p>&nbsp;<\/p>\n<p>&nbsp;<\/p>\n<p>&nbsp;<\/p>\n<p>&nbsp;<\/p>\n<p>&nbsp;<\/p>\n<p>&nbsp;<\/p>\n<p>&nbsp;<\/p>\n<p>&nbsp;<\/p>\n<p>&nbsp;<\/p>\n<p>&nbsp;<\/p>\n<p>&nbsp;<\/p>\n<p>&nbsp;<\/p>\n<p>&nbsp;<\/p>\n<p>&nbsp;<\/p>\n<p>&nbsp;<\/p>\n<p>&nbsp;<\/p>\n<p>&nbsp;<\/p>\n<p><a href=\"https:\/\/blog.olivierotoscanistudio.com\/wp-content\/uploads\/2013\/09\/2013-09-17-17.51.jpg\" rel=\"lightbox[2087]\"><img loading=\"lazy\" decoding=\"async\" class=\"alignleft size-full wp-image-2132\" alt=\"2013-09-17-17.51\" src=\"https:\/\/blog.olivierotoscanistudio.com\/wp-content\/uploads\/2013\/09\/2013-09-17-17.51.jpg\" width=\"700\" height=\"655\" srcset=\"https:\/\/blog.olivierotoscanistudio.com\/wp-content\/uploads\/2013\/09\/2013-09-17-17.51.jpg 700w, https:\/\/blog.olivierotoscanistudio.com\/wp-content\/uploads\/2013\/09\/2013-09-17-17.51-300x280.jpg 300w\" sizes=\"(max-width: 700px) 100vw, 700px\" \/><\/a><\/p>\n<p>&nbsp;<\/p>\n<p>&nbsp;<\/p>\n<p>&nbsp;<\/p>\n<p>&nbsp;<\/p>\n<p>&nbsp;<\/p>\n<p>&nbsp;<\/p>\n<p>&nbsp;<\/p>\n<p>&nbsp;<\/p>\n<p>&nbsp;<\/p>\n<p>&nbsp;<\/p>\n<p>&nbsp;<\/p>\n<p>&nbsp;<\/p>\n<p>&nbsp;<\/p>\n<p>&nbsp;<\/p>\n<p>&nbsp;<\/p>\n<p><a href=\"https:\/\/blog.olivierotoscanistudio.com\/wp-content\/uploads\/2013\/09\/IMG_5018.jpg\" rel=\"lightbox[2087]\"><img loading=\"lazy\" decoding=\"async\" class=\"alignleft size-full wp-image-2131\" alt=\"IMG_5018\" src=\"https:\/\/blog.olivierotoscanistudio.com\/wp-content\/uploads\/2013\/09\/IMG_5018.jpg\" width=\"700\" height=\"933\" srcset=\"https:\/\/blog.olivierotoscanistudio.com\/wp-content\/uploads\/2013\/09\/IMG_5018.jpg 700w, https:\/\/blog.olivierotoscanistudio.com\/wp-content\/uploads\/2013\/09\/IMG_5018-225x300.jpg 225w\" sizes=\"(max-width: 700px) 100vw, 700px\" \/><\/a><\/p>\n<p>&nbsp;<\/p>\n<p>&nbsp;<\/p>\n<p>&nbsp;<\/p>\n<p>&nbsp;<\/p>\n<p>&nbsp;<\/p>\n<p>&nbsp;<\/p>\n<p>&nbsp;<\/p>\n<p>&nbsp;<\/p>\n<p>&nbsp;<\/p>\n<p>&nbsp;<\/p>\n<p>&nbsp;<\/p>\n<p>&nbsp;<\/p>\n<p>&nbsp;<\/p>\n<p>&nbsp;<\/p>\n<p>&nbsp;<\/p>\n<p>&nbsp;<\/p>\n<p>&nbsp;<\/p>\n<p>&nbsp;<\/p>\n<p>&nbsp;<\/p>\n<p>&nbsp;<\/p>\n<p>&nbsp;<\/p>\n<p>&nbsp;<\/p>\n<p>&nbsp;<\/p>\n<p>&nbsp;<\/p>\n<p>&nbsp;<\/p>\n<p>&nbsp;<\/p>\n<p>&nbsp;<\/p>\n<p>&nbsp;<\/p>\n<p><a href=\"https:\/\/blog.olivierotoscanistudio.com\/wp-content\/uploads\/2013\/09\/21.jpg\" rel=\"lightbox[2087]\"><img loading=\"lazy\" decoding=\"async\" alt=\"2\" src=\"https:\/\/blog.olivierotoscanistudio.com\/wp-content\/uploads\/2013\/09\/21.jpg\" width=\"700\" height=\"525\" \/><\/a><a href=\"https:\/\/blog.olivierotoscanistudio.com\/wp-content\/uploads\/2013\/09\/11.jpg\" rel=\"lightbox[2087]\"><img loading=\"lazy\" decoding=\"async\" alt=\"1\" src=\"https:\/\/blog.olivierotoscanistudio.com\/wp-content\/uploads\/2013\/09\/11.jpg\" width=\"700\" height=\"525\" \/><\/a><a href=\"https:\/\/blog.olivierotoscanistudio.com\/wp-content\/uploads\/2013\/09\/2013-09-18-11.30.03.jpg\" rel=\"lightbox[2087]\"><img loading=\"lazy\" decoding=\"async\" alt=\"2013-09-18-11.30.03\" src=\"https:\/\/blog.olivierotoscanistudio.com\/wp-content\/uploads\/2013\/09\/2013-09-18-11.30.03.jpg\" width=\"700\" height=\"933\" \/><\/a><a href=\"https:\/\/blog.olivierotoscanistudio.com\/wp-content\/uploads\/2013\/09\/2013-09-18-11.30.jpg\" rel=\"lightbox[2087]\"><img loading=\"lazy\" decoding=\"async\" class=\"alignleft size-full wp-image-2129\" alt=\"2013-09-18-11.30\" src=\"https:\/\/blog.olivierotoscanistudio.com\/wp-content\/uploads\/2013\/09\/2013-09-18-11.30.jpg\" width=\"700\" height=\"933\" srcset=\"https:\/\/blog.olivierotoscanistudio.com\/wp-content\/uploads\/2013\/09\/2013-09-18-11.30.jpg 700w, https:\/\/blog.olivierotoscanistudio.com\/wp-content\/uploads\/2013\/09\/2013-09-18-11.30-225x300.jpg 225w\" sizes=\"(max-width: 700px) 100vw, 700px\" \/><\/a><\/p>\n<p>&nbsp;<\/p>\n<p>&nbsp;<\/p>\n<p>&nbsp;<\/p>\n<p>&nbsp;<\/p>\n<p>&nbsp;<\/p>\n<p>&nbsp;<\/p>\n<p>&nbsp;<\/p>\n<p>&nbsp;<\/p>\n<p>&nbsp;<\/p>\n<p>&nbsp;<\/p>\n<p>&nbsp;<\/p>\n<p>&nbsp;<\/p>\n<p>&nbsp;<\/p>\n<p>&nbsp;<\/p>\n<p>&nbsp;<\/p>\n<p>&nbsp;<\/p>\n<p>&nbsp;<\/p>\n<p>&nbsp;<\/p>\n<p>&nbsp;<\/p>\n<p>&nbsp;<\/p>\n<p>&nbsp;<\/p>\n<p>&nbsp;<\/p>\n<p>&nbsp;<\/p>\n<p>&nbsp;<\/p>\n<p>&nbsp;<\/p>\n<p>&nbsp;<\/p>\n<div><\/div>\n<div><\/div>\n<div><\/div>\n<div><\/div>\n<div><\/div>\n<div><\/div>\n<div>____________________________________________________________________________________________________________________________________________________________________________________________________<\/div>\n<div><\/div>\n<div><\/div>\n<div>Di seguito altri articoli:<\/div>\n<div><\/div>\n<div>&#8211; <strong><a href=\"http:\/\/www.ilsole24ore.com\/art\/notizie\/2013-09-18\/stazione-metropolitana-napoli-arte-182902.shtml?uuid=AbfOi6XI\" target=\"_blank\">IL SOLE 24 ORE<\/a><\/strong><\/div>\n<div>&#8211;<strong><a href=\"http:\/\/napoli.repubblica.it\/cronaca\/2013\/09\/18\/foto\/napoli_anche_oliviero_toscani_tra_i_volti_del_metr-66810874\/1\/#1\" target=\"_blank\"> LA REPUBBLICA.NAPOLI<\/a><\/strong><\/div>\n<div>&#8211; <strong><a href=\"www.tmnews.it\/web\/sezioni\/video\/metro-di-napoli-la-stazione-di-montecalvario-e-un-opera-d-arte-20130918_video_20372864.shtml\" target=\"_blank\">TMNEWS<\/a><\/strong><\/div>\n<div>&#8211; <strong><a href=\"http:\/\/www.exibart.com\/notizia.asp?IDNotizia=40719&amp;IDCategoria=204\" target=\"_blank\">EXIBART<\/a><\/strong><\/div>\n<div>&#8211; <strong><a href=\"http:\/\/www.campaniasuweb.it\/blogs\/blog-entry\/22089-mio-sogno-vivere-napoletani-oliviero-toscani\" target=\"_blank\">CAMPAGNA SUL WEB<\/a><\/strong><\/div>\n<div>&#8211; <strong><a href=\"http:\/\/www.huffingtonpost.it\/titti-marrone\/san-gennaro-ovvero-limpossibilita-di-essere-normali-a-napoli_b_3953022.html?utm_hp_ref=italy\" target=\"_blank\">HUFFINGTONPOST<\/a><\/strong><\/div>\n<div>&#8211; <strong><a href=\"http:\/\/www.easyviaggio.com\/attualita\/napoli-la-metropolitana-opera-d-arte-12050\">EASYVIAGGIO<\/a><\/strong><\/div>\n<div><\/div>\n","protected":false},"excerpt":{"rendered":"<p>____________________________________________________________________________________________________________________________________________________________________________________________________ &nbsp; clicca qui per vedere la fotogallery del sito La metro arriva nel cuore dei Quartieri spagnoli a Napoli: la seconda uscita della stazione Toledo della Linea 1 \u00e8 stata inaugurata mercoled\u00ec 18 settembre. La seconda uscita, aperta ai<a class=\"more\" href=\"https:\/\/blog.olivierotoscanistudio.com\/?p=2087\">Leggi &rarr;<\/a><\/p>\n","protected":false},"author":3,"featured_media":2127,"comment_status":"open","ping_status":"closed","sticky":true,"template":"","format":"standard","meta":{"footnotes":""},"categories":[28,4],"tags":[334,327,328,330,324,322,316,325,317,318,315,15,23,329,326,41,333,323,20,163],"aioseo_notices":[],"_links":{"self":[{"href":"https:\/\/blog.olivierotoscanistudio.com\/index.php?rest_route=\/wp\/v2\/posts\/2087"}],"collection":[{"href":"https:\/\/blog.olivierotoscanistudio.com\/index.php?rest_route=\/wp\/v2\/posts"}],"about":[{"href":"https:\/\/blog.olivierotoscanistudio.com\/index.php?rest_route=\/wp\/v2\/types\/post"}],"author":[{"embeddable":true,"href":"https:\/\/blog.olivierotoscanistudio.com\/index.php?rest_route=\/wp\/v2\/users\/3"}],"replies":[{"embeddable":true,"href":"https:\/\/blog.olivierotoscanistudio.com\/index.php?rest_route=%2Fwp%2Fv2%2Fcomments&post=2087"}],"version-history":[{"count":83,"href":"https:\/\/blog.olivierotoscanistudio.com\/index.php?rest_route=\/wp\/v2\/posts\/2087\/revisions"}],"predecessor-version":[{"id":2480,"href":"https:\/\/blog.olivierotoscanistudio.com\/index.php?rest_route=\/wp\/v2\/posts\/2087\/revisions\/2480"}],"wp:featuredmedia":[{"embeddable":true,"href":"https:\/\/blog.olivierotoscanistudio.com\/index.php?rest_route=\/wp\/v2\/media\/2127"}],"wp:attachment":[{"href":"https:\/\/blog.olivierotoscanistudio.com\/index.php?rest_route=%2Fwp%2Fv2%2Fmedia&parent=2087"}],"wp:term":[{"taxonomy":"category","embeddable":true,"href":"https:\/\/blog.olivierotoscanistudio.com\/index.php?rest_route=%2Fwp%2Fv2%2Fcategories&post=2087"},{"taxonomy":"post_tag","embeddable":true,"href":"https:\/\/blog.olivierotoscanistudio.com\/index.php?rest_route=%2Fwp%2Fv2%2Ftags&post=2087"}],"curies":[{"name":"wp","href":"https:\/\/api.w.org\/{rel}","templated":true}]}}